{"id":58153,"date":"2018-09-05T19:31:44","date_gmt":"2018-09-05T22:31:44","guid":{"rendered":"http:\/\/portalcatolico.net\/portal\/?p=58153"},"modified":"2018-09-05T21:32:04","modified_gmt":"2018-09-06T00:32:04","slug":"manifestacoes-de-apoio-e-solidariedade-ao-papa-francisco","status":"publish","type":"post","link":"http:\/\/portalcatolico.net\/portal\/manifestacoes-de-apoio-e-solidariedade-ao-papa-francisco\/","title":{"rendered":"Manifesta\u00e7\u00f5es de apoio e solidariedade ao papa Francisco"},"content":{"rendered":"<p>O arcebispo de Bras\u00edlia e presidente da Confer\u00eancia Nacional dos Bispos do Brasil (CNBB), cardeal Sergio da Rocha, enviou ao papa Francisco uma carta na qual manifesta ao santo padre apoio, comunh\u00e3o, solidariedade e ora\u00e7\u00f5es. Na missiva, o presidente da CNBB reafirma o compromisso do episcopado e da Igreja no Brasil de estar sempre unidos ao papa na sua miss\u00e3o.<\/p>\n<p>Dois regionais da Confer\u00eancia Nacional dos Bispos do Brasil (CNBB) tamb\u00e9m enviaram recentemente ao papa Francisco manifesta\u00e7\u00f5es de solidariedade por conta dos ataques que o sumo pont\u00edfice vem recebendo do arcebispo Carlo Maria Vigan\u00f2, ex-n\u00fancio apost\u00f3lico nos EUA. Vigan\u00f3 acusa o papa de ter acobertado o caso do cardeal Theodore McCarrick.<\/p>\n<p>Na carta que enviou ao Vaticano, os bispos do Regional Nordeste 3 da CNBB manifestam a unidade e a solidariedade ao pont\u00edfice. \u201cTemos consci\u00eancia de que a Igreja vive um momento particularmente doloroso e dif\u00edcil. Se isso aflige o nosso cora\u00e7\u00e3o de pastores de Igrejas Particulares, imaginamos quanto o faz sofrer, diante da responsabilidade que recebeu de Jesus Cristo como continuador da miss\u00e3o de Pedro, de confirmar todos os seus irm\u00e3os na f\u00e9\u201d, diz um trecho da carta.<\/p>\n<p>Em refer\u00eancia \u00e0 Carta ao Povo de Deus, de 20 de agosto, a presid\u00eancia do Regional Sul 1 da CNBB expressa, sobretudo, o compromisso com a luta do papa em reconhecer e condenar, com dor e vergonha, as atrocidades cometidas por pessoas consagradas, cl\u00e9rigos, e inclusive por todos aqueles que tinham a miss\u00e3o de assistir e cuidar dos mais vulner\u00e1veis.<\/p>\n<p>A Presid\u00eancia do Regional Sul 1 reconhece, com gratid\u00e3o e com senso de responsabilidade, tudo o que o papa Francisco tem feito para combater o abuso de menores e de vulner\u00e1veis na Igreja Cat\u00f3lica, buscando agir segundo a verdade e a justi\u00e7a. De fato, apenas na medida em que o amor estiver fundado na verdade \u00e9 que pode perdurar no tempo, superar o instante ef\u00eamero e permanecer firme para sustentar um caminho comum (LF 27).<\/p>\n<p>Outras manifesta\u00e7\u00f5es de apoio o papa tamb\u00e9m vieram a p\u00fablico como a Carta Aberta da Comiss\u00e3o Regional de Presb\u00edteros do Leste 2, publicada no site do regional; a carta de dom Pedro Carlos Cipollini, bispo diocesano de Santo Andr\u00e9 e a campanha para redes sociais que a Signis Brasil Jovens \u2013 Associa\u00e7\u00e3o Cat\u00f3lica de Comunica\u00e7\u00e3o lan\u00e7ou esta semana. O material da campanha afirma que est\u00e1 em curso a dissemina\u00e7\u00e3o de falsas not\u00edcias com a inten\u00e7\u00e3o de desestabilizar o pontificado do papa. \u201cO papa Francisco atua sem medir esfor\u00e7os na constru\u00e7\u00e3o de uma cultura da paz, justi\u00e7a e solidariedade\u201d, diz o texto. A campanha, que atua com a hashtag #FranciscoEstouAqui, pretende inundar os espa\u00e7os digitais com uma mensagem alegre, criativa e orante de apoio e carinho ao papa Francisco.<\/p>\n<p><strong>Leia, abaixo, a \u00edntegra dos textos:<\/strong><\/p>\n<p><strong>Carta dos Bispos do Nordeste 3<\/strong><br \/>\nhttps:\/\/<a href=\"https:\/\/www.cnbbne3.org.br\/bispos-do-regional-ne-3-da-cnbb-manifestam-apoio-ao-papa-francisco\/\">www.cnbbne3.org.br<\/a><\/p>\n<p><strong>Carta da Presid\u00eancia do Regional Sul 1<\/strong><br \/>\nhttp:\/\/<a href=\"http:\/\/www.cnbbsul1.org.br\/regional-sul-1-manifesta-apoio-ao-papa-francisco-leia-na-integra\/\">www.cnbbsul1.org.br<\/a><\/p>\n<div class=\"article-main-next-prev\">\n<div class=\"paragraph-row\">\n<div class=\"column6\">Informa\u00e7\u00f5es do site oficial da CNBB<\/div>\n<\/div>\n<\/div>\n","protected":false},"excerpt":{"rendered":"<p>O arcebispo de Bras\u00edlia e presidente da Confer\u00eancia Nacional dos Bispos do Brasil (CNBB), cardeal Sergio da Rocha, enviou ao papa Francisco uma carta na qual manifesta ao santo padre apoio, comunh\u00e3o, solidariedade e ora\u00e7\u00f5es. Na missiva, o presidente da CNBB reafirma o compromisso do episcopado e da Igreja no Brasil de estar sempre unidos&nbsp;<\/p>\n<p><a class=\"btn btn-style\" href=\"http:\/\/portalcatolico.net\/portal\/manifestacoes-de-apoio-e-solidariedade-ao-papa-francisco\/\">Continue Reading<\/a><\/p>\n","protected":false},"author":2,"featured_media":58154,"comment_status":"open","ping_status":"open","sticky":false,"template":"","format":"standard","meta":{"footnotes":""},"categories":[3],"tags":[],"class_list":["post-58153","post","type-post","status-publish","format-standard","has-post-thumbnail","hentry","category-noticias_regionais"],"_links":{"self":[{"href":"http:\/\/portalcatolico.net\/portal\/wp-json\/wp\/v2\/posts\/58153","targetHints":{"allow":["GET"]}}],"collection":[{"href":"http:\/\/portalcatolico.net\/portal\/wp-json\/wp\/v2\/posts"}],"about":[{"href":"http:\/\/portalcatolico.net\/portal\/wp-json\/wp\/v2\/types\/post"}],"author":[{"embeddable":true,"href":"http:\/\/portalcatolico.net\/portal\/wp-json\/wp\/v2\/users\/2"}],"replies":[{"embeddable":true,"href":"http:\/\/portalcatolico.net\/portal\/wp-json\/wp\/v2\/comments?post=58153"}],"version-history":[{"count":1,"href":"http:\/\/portalcatolico.net\/portal\/wp-json\/wp\/v2\/posts\/58153\/revisions"}],"predecessor-version":[{"id":58155,"href":"http:\/\/portalcatolico.net\/portal\/wp-json\/wp\/v2\/posts\/58153\/revisions\/58155"}],"wp:featuredmedia":[{"embeddable":true,"href":"http:\/\/portalcatolico.net\/portal\/wp-json\/wp\/v2\/media\/58154"}],"wp:attachment":[{"href":"http:\/\/portalcatolico.net\/portal\/wp-json\/wp\/v2\/media?parent=58153"}],"wp:term":[{"taxonomy":"category","embeddable":true,"href":"http:\/\/portalcatolico.net\/portal\/wp-json\/wp\/v2\/categories?post=58153"},{"taxonomy":"post_tag","embeddable":true,"href":"http:\/\/portalcatolico.net\/portal\/wp-json\/wp\/v2\/tags?post=58153"}],"curies":[{"name":"wp","href":"https:\/\/api.w.org\/{rel}","templated":true}]}}