{"id":58145,"date":"2018-09-05T21:10:16","date_gmt":"2018-09-06T00:10:16","guid":{"rendered":"http:\/\/portalcatolico.net\/portal\/?p=58145"},"modified":"2018-09-05T21:28:42","modified_gmt":"2018-09-06T00:28:42","slug":"novenario-em-honra-a-nossa-senhora-da-piedade-comeca-nesta-quinta-feira-em-itabuna","status":"publish","type":"post","link":"http:\/\/portalcatolico.net\/portal\/novenario-em-honra-a-nossa-senhora-da-piedade-comeca-nesta-quinta-feira-em-itabuna\/","title":{"rendered":"Noven\u00e1rio em honra a Nossa Senhora da Piedade come\u00e7a nesta  quinta-feira em Itabuna"},"content":{"rendered":"<p style=\"font-weight: 400;\">Os Frades Servitanos convidam voc\u00ea e sua fam\u00edlia, amigos, Grupos de&nbsp;ora\u00e7\u00e3o, Movimentos e Pastorais para participar do Noven\u00e1rio de Nossa Senhora&nbsp;da Piedade, padroeira&nbsp; do bairro Maria Pinheiro, em Itabuna (BA), que ser\u00e1 realizado entre&nbsp;os&nbsp; dias&nbsp; 06 a 14 de setembro.<\/p>\n<p style=\"font-weight: 400;\">Este&nbsp;ano, a Festa tem como tema: &#8220;Maria, o rosto crist\u00e3o da Igreja&#8221;. Todos os&nbsp;dias, acontecer\u00e1 \u00e0s 18h30, a reza do Santo Ter\u00e7o e \u00e0s 19h, a&nbsp;Santa Missa. Logo ap\u00f3s a celebra\u00e7\u00e3o Eucar\u00edstica, ter\u00e1 muita alegria, sem&nbsp;esquecer das tradicionais&nbsp; barracas com comidas t\u00edpicas.<\/p>\n<p style=\"font-weight: 400;\">No dia 06\/09 tem&nbsp;carreata pelas ruas do bairro anunciando o in\u00edcio do noven\u00e1rio e a festa da&nbsp;padroeira do bairro.<\/p>\n<p style=\"font-weight: 400;\">A par\u00f3quia tem como p\u00e1roco e respons\u00e1vel,&nbsp; o Pe. Frei Ivanilton Oliveira dos Santos, MsS, o Vig\u00e1rio&nbsp;Paroquial, o Pe. Frei Lucimar Jos\u00e9 da Silva, MsS, e o Pe. Frei Marconi&nbsp;Ramos da Silva, MsS.&#8221;Frades Servitanos.<\/p>\n<p style=\"font-weight: 400;\">O grande dia festivo, s\u00e1bado , 15 de setembro, tem uma programa\u00e7\u00e3o especial:<\/p>\n<p style=\"font-weight: 400;\">Solenidade de Nossa Senhora da Piedade<br \/>\n06h, Alvorada<\/p>\n<p style=\"font-weight: 400;\">07h, Of\u00edcio de Nossa Senhora<\/p>\n<p style=\"font-weight: 400;\">18h,Missa Solene, com a presid\u00eancia do bispo Diocesano, Dom Carlos&nbsp;<br \/>\nAlberto dos Santos.<br \/>\n19h-Prociss\u00e3o at\u00e9 a Comunidade Nossa Senhora das Dores, situada no&nbsp;<br \/>\nbairro Fonseca.<\/p>\n<h3 style=\"text-align: center;\"><strong>Confira a programa\u00e7\u00e3o:<img loading=\"lazy\" decoding=\"async\" class=\"wp-image-58147 aligncenter\" src=\"http:\/\/portalcatolico.net\/portal\/wp-content\/uploads\/2018\/09\/a8a94885-0db7-49d9-89f7-f75f793438d1-300x212.jpg\" alt=\"\" width=\"730\" height=\"516\" srcset=\"http:\/\/portalcatolico.net\/portal\/wp-content\/uploads\/2018\/09\/a8a94885-0db7-49d9-89f7-f75f793438d1-300x212.jpg 300w, http:\/\/portalcatolico.net\/portal\/wp-content\/uploads\/2018\/09\/a8a94885-0db7-49d9-89f7-f75f793438d1-768x543.jpg 768w, http:\/\/portalcatolico.net\/portal\/wp-content\/uploads\/2018\/09\/a8a94885-0db7-49d9-89f7-f75f793438d1-1024x724.jpg 1024w, http:\/\/portalcatolico.net\/portal\/wp-content\/uploads\/2018\/09\/a8a94885-0db7-49d9-89f7-f75f793438d1.jpg 1280w\" sizes=\"auto, (max-width: 730px) 100vw, 730px\" \/><\/strong><\/h3>\n<p>&nbsp;<\/p>\n<p><img loading=\"lazy\" decoding=\"async\" class=\"wp-image-58146 aligncenter\" src=\"http:\/\/portalcatolico.net\/portal\/wp-content\/uploads\/2018\/09\/2a01db38-1e07-4b6c-b46f-154ef26cac20-300x212.jpg\" alt=\"\" width=\"734\" height=\"519\" srcset=\"http:\/\/portalcatolico.net\/portal\/wp-content\/uploads\/2018\/09\/2a01db38-1e07-4b6c-b46f-154ef26cac20-300x212.jpg 300w, http:\/\/portalcatolico.net\/portal\/wp-content\/uploads\/2018\/09\/2a01db38-1e07-4b6c-b46f-154ef26cac20-768x543.jpg 768w, http:\/\/portalcatolico.net\/portal\/wp-content\/uploads\/2018\/09\/2a01db38-1e07-4b6c-b46f-154ef26cac20-1024x724.jpg 1024w, http:\/\/portalcatolico.net\/portal\/wp-content\/uploads\/2018\/09\/2a01db38-1e07-4b6c-b46f-154ef26cac20.jpg 1280w\" sizes=\"auto, (max-width: 734px) 100vw, 734px\" \/><\/p>\n","protected":false},"excerpt":{"rendered":"<p>Os Frades Servitanos convidam voc\u00ea e sua fam\u00edlia, amigos, Grupos de&nbsp;ora\u00e7\u00e3o, Movimentos e Pastorais para participar do Noven\u00e1rio de Nossa Senhora&nbsp;da Piedade, padroeira&nbsp; do bairro Maria Pinheiro, em Itabuna (BA), que ser\u00e1 realizado entre&nbsp;os&nbsp; dias&nbsp; 06 a 14 de setembro. Este&nbsp;ano, a Festa tem como tema: &#8220;Maria, o rosto crist\u00e3o da Igreja&#8221;. Todos os&nbsp;dias, acontecer\u00e1&nbsp;<\/p>\n<p><a class=\"btn btn-style\" href=\"http:\/\/portalcatolico.net\/portal\/novenario-em-honra-a-nossa-senhora-da-piedade-comeca-nesta-quinta-feira-em-itabuna\/\">Continue Reading<\/a><\/p>\n","protected":false},"author":2,"featured_media":58148,"comment_status":"open","ping_status":"open","sticky":false,"template":"","format":"standard","meta":{"footnotes":""},"categories":[1],"tags":[],"class_list":["post-58145","post","type-post","status-publish","format-standard","has-post-thumbnail","hentry","category-agenda"],"_links":{"self":[{"href":"http:\/\/portalcatolico.net\/portal\/wp-json\/wp\/v2\/posts\/58145","targetHints":{"allow":["GET"]}}],"collection":[{"href":"http:\/\/portalcatolico.net\/portal\/wp-json\/wp\/v2\/posts"}],"about":[{"href":"http:\/\/portalcatolico.net\/portal\/wp-json\/wp\/v2\/types\/post"}],"author":[{"embeddable":true,"href":"http:\/\/portalcatolico.net\/portal\/wp-json\/wp\/v2\/users\/2"}],"replies":[{"embeddable":true,"href":"http:\/\/portalcatolico.net\/portal\/wp-json\/wp\/v2\/comments?post=58145"}],"version-history":[{"count":4,"href":"http:\/\/portalcatolico.net\/portal\/wp-json\/wp\/v2\/posts\/58145\/revisions"}],"predecessor-version":[{"id":58152,"href":"http:\/\/portalcatolico.net\/portal\/wp-json\/wp\/v2\/posts\/58145\/revisions\/58152"}],"wp:featuredmedia":[{"embeddable":true,"href":"http:\/\/portalcatolico.net\/portal\/wp-json\/wp\/v2\/media\/58148"}],"wp:attachment":[{"href":"http:\/\/portalcatolico.net\/portal\/wp-json\/wp\/v2\/media?parent=58145"}],"wp:term":[{"taxonomy":"category","embeddable":true,"href":"http:\/\/portalcatolico.net\/portal\/wp-json\/wp\/v2\/categories?post=58145"},{"taxonomy":"post_tag","embeddable":true,"href":"http:\/\/portalcatolico.net\/portal\/wp-json\/wp\/v2\/tags?post=58145"}],"curies":[{"name":"wp","href":"https:\/\/api.w.org\/{rel}","templated":true}]}}