{"id":58139,"date":"2018-09-04T22:17:31","date_gmt":"2018-09-05T01:17:31","guid":{"rendered":"http:\/\/portalcatolico.net\/portal\/?p=58139"},"modified":"2018-09-05T05:19:19","modified_gmt":"2018-09-05T08:19:19","slug":"catolicos-participam-de-sessao-especial-na-camara-de-vereadores-de-itabuna","status":"publish","type":"post","link":"http:\/\/portalcatolico.net\/portal\/catolicos-participam-de-sessao-especial-na-camara-de-vereadores-de-itabuna\/","title":{"rendered":"Cat\u00f3licos participam de Sess\u00e3o Especial na C\u00e2mara de Vereadores de Itabuna"},"content":{"rendered":"<p>O vereador Enderson Guinho (PDT), presidiu na noite da \u00faltima segunda-feira, 3, uma sess\u00e3o especial na C\u00e2mara de Vereadores de Itabuna tendo como tema: &#8220;Grito dos Exclu\u00eddos&#8221;, no Plen\u00e1rio Raimundo Lima. A sess\u00e3o teve in\u00edcio \u00e0s 19h e contou com a participa\u00e7\u00e3o de muitos cat\u00f3licos da Faronia Centro da Diocese de Itabuna, que \u00e9 composta de 14 par\u00f3quias.<\/p>\n<p>Tamb\u00e9m estiveram presentes o Bispo Dom Carlos Alberto dos Santos, o coordenador Diocesano da pastoral o Pe. Ac\u00e1cio Alves , o Sr\u00ba Dr. Davi Pedreira, al\u00e9m de outras autoridades eclesi\u00e1sticas.<\/p>\n<p>O objetivo da solenidade foi debater os problemas sociais que afetam o pa\u00eds, visando \u00e0 conjuntura atual como forma de reflex\u00e3o.<\/p>\n<p>Na oportunidade, Enderson Guinho contou como surgiu a iniciativa de criar uma sess\u00e3o com este tema &#8220;Eu fui procurado pela Diocese de Itabuna, especificamente, pela Forania Centro, pelo padre Gilvan e o padre Ac\u00e1cio, onde eles vieram com a proposta de esse ano n\u00e3o ser apenas a caminhada no Desfile C\u00edvico de 7 de setembro, mas que tamb\u00e9m vi\u00e9ssemos para a &#8220;casa do povo&#8221;, a casa de leis, debater um pouco este tema- O Grito dos Exclu\u00eddos, vida em primeiro lugar. Desigualdade gera viol\u00eancia: basta de privil\u00e9gios- que \u00e9 de grande import\u00e2ncia para a popula\u00e7\u00e3o itabunense e para a popula\u00e7\u00e3o brasileira, onde vamos discutir algo que tem afetado todos os cidad\u00e3os que \u00e9 sobre a viol\u00eancia no nosso pa\u00eds. E essa viol\u00eancia n\u00e3o est\u00e1 s\u00f3 na quest\u00e3o f\u00edsica, de uma pessoa para com outra, mas sim, tamb\u00e9m na viol\u00eancia no tr\u00e2nsito, a viol\u00eancia com a mulher, a viol\u00eancia como a corrup\u00e7\u00e3o, que tamb\u00e9m \u00e9 uma viol\u00eancia que mata,e que a gente precisa estar combatendo&#8221;.<\/p>\n<p><img loading=\"lazy\" decoding=\"async\" class=\"wp-image-58140 aligncenter\" src=\"http:\/\/portalcatolico.net\/portal\/wp-content\/uploads\/2018\/09\/40867236_956828934519729_5571116364426379264_n-300x200.jpg\" alt=\"\" width=\"737\" height=\"491\" srcset=\"http:\/\/portalcatolico.net\/portal\/wp-content\/uploads\/2018\/09\/40867236_956828934519729_5571116364426379264_n-300x200.jpg 300w, http:\/\/portalcatolico.net\/portal\/wp-content\/uploads\/2018\/09\/40867236_956828934519729_5571116364426379264_n-768x512.jpg 768w, http:\/\/portalcatolico.net\/portal\/wp-content\/uploads\/2018\/09\/40867236_956828934519729_5571116364426379264_n.jpg 960w\" sizes=\"auto, (max-width: 737px) 100vw, 737px\" \/><\/p>\n<p>Durante a sess\u00e3o, Luiz Camboim questionou o Davi Pedreira sobre o que se tratava o Grito dos Exclu\u00eddos, e ele falou sobre essamanifesta\u00e7\u00e3o popular carregada de simbolismo, \u00e9 um espa\u00e7o de anima\u00e7\u00e3o e profecia, sempre aberto e plural de pessoas, grupos, entidades, igrejas e movimentos sociais comprometidos com as causas dos exclu\u00eddos.&nbsp;A proposta do Grito surgiu no Brasil no ano de 1994 e o 1\u00ba Grito dos Exclu\u00eddos foi realizado em setembro de 1995, com o objetivo de aprofundar o tema da Campanha da Fraternidade do mesmo ano, que tinha como lema &#8220;Eras tu, Senhor&#8221;, e responder aos desafios levantados na 2\u00aa Semana Social Brasileira, cujo tema era &#8220;Brasil, alternativas e protagonistas&#8221;. Em 1999 o Grito rompeu fronteiras e estendeu-se para as Am\u00e9ricas.<\/p>\n<p>Vale ressaltar que o convite para a sess\u00e3o foi destinada \u00e0 todos os gabinetes, pelo pr\u00f3prio bispo diocesano, mas nem todos os vereadores participaram. Dom Carlos, aproveitou para agradecer \u00e0queles que se fizeram presente para a discuss\u00e3o do assunto t\u00e3o relevante.<\/p>\n<p>Nesse sentido, Padre Tony falou: &#8220;O vereador, o prefeito, o presidente, o secret\u00e1rio&#8230; merece a voz do povo. Todos precisam fazer a experi\u00eancia com Jesus. Todos eles precisam entender o Evangelho, por isso, a Igreja precisa cobrar! As ovelhas precisam se colocar no seu lugar&nbsp;&nbsp;como vozes do povo, se n\u00e3o esse sistema n\u00e3o vai andar&#8221;.<\/p>\n<p>Fotos: Valdeni Elias<\/p>\n<p>Edi\u00e7\u00e3o de texto: Anara Passos (Jornalista DRT 7574)<\/p>\n<p>\u00c1lbuns de fotos: <a href=\"https:\/\/www.facebook.com\/portalcatolicooficial\/\"><span style=\"color: #ff0000;\">AQUI<\/span><\/a><\/p>\n","protected":false},"excerpt":{"rendered":"<p>O vereador Enderson Guinho (PDT), presidiu na noite da \u00faltima segunda-feira, 3, uma sess\u00e3o especial na C\u00e2mara de Vereadores de Itabuna tendo como tema: &#8220;Grito dos Exclu\u00eddos&#8221;, no Plen\u00e1rio Raimundo Lima. A sess\u00e3o teve in\u00edcio \u00e0s 19h e contou com a participa\u00e7\u00e3o de muitos cat\u00f3licos da Faronia Centro da Diocese de Itabuna, que \u00e9 composta&nbsp;<\/p>\n<p><a class=\"btn btn-style\" href=\"http:\/\/portalcatolico.net\/portal\/catolicos-participam-de-sessao-especial-na-camara-de-vereadores-de-itabuna\/\">Continue Reading<\/a><\/p>\n","protected":false},"author":2,"featured_media":58141,"comment_status":"open","ping_status":"open","sticky":false,"template":"","format":"standard","meta":{"footnotes":""},"categories":[65],"tags":[],"class_list":["post-58139","post","type-post","status-publish","format-standard","has-post-thumbnail","hentry","category-entrevistas"],"_links":{"self":[{"href":"http:\/\/portalcatolico.net\/portal\/wp-json\/wp\/v2\/posts\/58139","targetHints":{"allow":["GET"]}}],"collection":[{"href":"http:\/\/portalcatolico.net\/portal\/wp-json\/wp\/v2\/posts"}],"about":[{"href":"http:\/\/portalcatolico.net\/portal\/wp-json\/wp\/v2\/types\/post"}],"author":[{"embeddable":true,"href":"http:\/\/portalcatolico.net\/portal\/wp-json\/wp\/v2\/users\/2"}],"replies":[{"embeddable":true,"href":"http:\/\/portalcatolico.net\/portal\/wp-json\/wp\/v2\/comments?post=58139"}],"version-history":[{"count":3,"href":"http:\/\/portalcatolico.net\/portal\/wp-json\/wp\/v2\/posts\/58139\/revisions"}],"predecessor-version":[{"id":58144,"href":"http:\/\/portalcatolico.net\/portal\/wp-json\/wp\/v2\/posts\/58139\/revisions\/58144"}],"wp:featuredmedia":[{"embeddable":true,"href":"http:\/\/portalcatolico.net\/portal\/wp-json\/wp\/v2\/media\/58141"}],"wp:attachment":[{"href":"http:\/\/portalcatolico.net\/portal\/wp-json\/wp\/v2\/media?parent=58139"}],"wp:term":[{"taxonomy":"category","embeddable":true,"href":"http:\/\/portalcatolico.net\/portal\/wp-json\/wp\/v2\/categories?post=58139"},{"taxonomy":"post_tag","embeddable":true,"href":"http:\/\/portalcatolico.net\/portal\/wp-json\/wp\/v2\/tags?post=58139"}],"curies":[{"name":"wp","href":"https:\/\/api.w.org\/{rel}","templated":true}]}}