{"id":58136,"date":"2018-09-04T19:39:44","date_gmt":"2018-09-04T22:39:44","guid":{"rendered":"http:\/\/portalcatolico.net\/portal\/?p=58136"},"modified":"2018-09-04T19:39:44","modified_gmt":"2018-09-04T22:39:44","slug":"sonho-dos-brasileiros","status":"publish","type":"post","link":"http:\/\/portalcatolico.net\/portal\/sonho-dos-brasileiros\/","title":{"rendered":"SONHO DOS BRASILEIROS"},"content":{"rendered":"<p><strong>Neste 7 de setembro o Brasil celebra o Dia da Independ\u00eancia. Em todo o pa\u00eds, multiplicam-se comemora\u00e7\u00f5es. H\u00e1 comemora\u00e7\u00f5es oficiais e n\u00e3o oficiais. Todas, a seu modo, querem fazer-nos crescer no esp\u00edrito c\u00edvico, no amor \u00e0 p\u00e1tria, terra onde buscamos realizar nosso sonho de vida mais digna para todos.<\/strong><\/p>\n<p><strong>O BRASIL<\/strong>&nbsp;sonha esse sonho e celebra o Dia da Independ\u00eancia num momento de crise. &nbsp;Pessoas de bem, do mundo da pol\u00edtica, se angustiam por serem equiparadas as desonestas que provocaram a crise; as pessoas de bem fora do mundo da pol\u00edtica, parecem n\u00e3o encontrar outra defini\u00e7\u00e3o, para a sociedade, que n\u00e3o seja aquela que a identifica com a desonestidade.<\/p>\n<p><strong>FICA<\/strong>&nbsp;o sonho de que a cultura do \u201crouba mas faz\u201d, a cultura \u201cdo troca de favores\u201d, a cultura do \u201cvale tudo\u201d para &nbsp;permanecer no poder, seja substitu\u00edda pelo respeito ao povo, pelo respeito ao que \u00e9 p\u00fablico e pelo culto \u00e0 honestidade. Fica o sonho de que a Fam\u00edlia, a Igreja e a Escola, assumam o papel de educadoras, de transmissoras dos valores morais e \u00e9ticos.<\/p>\n<p><strong>TODOS<\/strong>&nbsp;queremos puni\u00e7\u00e3o para os desonestos. Queremos que a puni\u00e7\u00e3o inclua &nbsp;a devolu\u00e7\u00e3o ao povo daquilo que foi tirado do povo. Queremos que o Brasil reencontre o caminho da \u00e9tica, da justi\u00e7a e da paz. H\u00e1 muito que fazer para que o nosso povo &nbsp;tenha trabalho, uma vida mais digna e seja feliz.<\/p>\n<p><strong>INDEPEND\u00caNCIA<\/strong>&nbsp;&nbsp;significa povo de cabe\u00e7a erguida e dono do seu pr\u00f3prio destino. Nosso compromisso pela P\u00e1tria deve manifesta-se com medidas concretas. Que os governantes e a sociedade encontrem &nbsp;decis\u00f5es acertadas para a educa\u00e7\u00e3o, para uma justa reforma agr\u00e1ria, um melhor atendimento \u00e0 sa\u00fade do povo, justa distribui\u00e7\u00e3o de renda, seguran\u00e7a p\u00fablica, combate \u00e0 corrup\u00e7\u00e3o, \u00e0 viol\u00eancia, \u00e0s desigualdades sociais e defesa do meio ambiente.<\/p>\n<p><strong>NO DIA DA&nbsp;<\/strong>P\u00e1tria, &nbsp;queremos elevar nossas preces confiantes a Deus, pela intercess\u00e3o de Nossa Senhora Aparecida, padroeira do Brasil, que Deus Proteja o povo brasileiro, &nbsp;seus governantes e todos possamos assumir o compromisso de promover o bem comum e o respeito \u00e0 dignidade da pessoa humana. Esse \u00e9 o sonho dos brasileiros.(Fecatolica)<\/p>\n<p>Foto:Divulga\u00e7\u00e3o<\/p>\n<p>Autor:Dom Itamar Vian, bispo em\u00e9rito \/Arcebispo da Arquidiocese de Feira de Santana(BA)<\/p>\n<p>&nbsp;<\/p>\n<p>&nbsp;<\/p>\n<p>&nbsp;<\/p>\n<p>&nbsp;<\/p>\n","protected":false},"excerpt":{"rendered":"<p>Neste 7 de setembro o Brasil celebra o Dia da Independ\u00eancia. Em todo o pa\u00eds, multiplicam-se comemora\u00e7\u00f5es. H\u00e1 comemora\u00e7\u00f5es oficiais e n\u00e3o oficiais. Todas, a seu modo, querem fazer-nos crescer no esp\u00edrito c\u00edvico, no amor \u00e0 p\u00e1tria, terra onde buscamos realizar nosso sonho de vida mais digna para todos. O BRASIL&nbsp;sonha esse sonho e celebra&nbsp;<\/p>\n<p><a class=\"btn btn-style\" href=\"http:\/\/portalcatolico.net\/portal\/sonho-dos-brasileiros\/\">Continue Reading<\/a><\/p>\n","protected":false},"author":2,"featured_media":58137,"comment_status":"open","ping_status":"open","sticky":false,"template":"","format":"standard","meta":{"footnotes":""},"categories":[69],"tags":[],"class_list":["post-58136","post","type-post","status-publish","format-standard","has-post-thumbnail","hentry","category-artigos"],"_links":{"self":[{"href":"http:\/\/portalcatolico.net\/portal\/wp-json\/wp\/v2\/posts\/58136","targetHints":{"allow":["GET"]}}],"collection":[{"href":"http:\/\/portalcatolico.net\/portal\/wp-json\/wp\/v2\/posts"}],"about":[{"href":"http:\/\/portalcatolico.net\/portal\/wp-json\/wp\/v2\/types\/post"}],"author":[{"embeddable":true,"href":"http:\/\/portalcatolico.net\/portal\/wp-json\/wp\/v2\/users\/2"}],"replies":[{"embeddable":true,"href":"http:\/\/portalcatolico.net\/portal\/wp-json\/wp\/v2\/comments?post=58136"}],"version-history":[{"count":1,"href":"http:\/\/portalcatolico.net\/portal\/wp-json\/wp\/v2\/posts\/58136\/revisions"}],"predecessor-version":[{"id":58138,"href":"http:\/\/portalcatolico.net\/portal\/wp-json\/wp\/v2\/posts\/58136\/revisions\/58138"}],"wp:featuredmedia":[{"embeddable":true,"href":"http:\/\/portalcatolico.net\/portal\/wp-json\/wp\/v2\/media\/58137"}],"wp:attachment":[{"href":"http:\/\/portalcatolico.net\/portal\/wp-json\/wp\/v2\/media?parent=58136"}],"wp:term":[{"taxonomy":"category","embeddable":true,"href":"http:\/\/portalcatolico.net\/portal\/wp-json\/wp\/v2\/categories?post=58136"},{"taxonomy":"post_tag","embeddable":true,"href":"http:\/\/portalcatolico.net\/portal\/wp-json\/wp\/v2\/tags?post=58136"}],"curies":[{"name":"wp","href":"https:\/\/api.w.org\/{rel}","templated":true}]}}