{"id":58133,"date":"2018-09-04T19:10:18","date_gmt":"2018-09-04T22:10:18","guid":{"rendered":"http:\/\/portalcatolico.net\/portal\/?p=58133"},"modified":"2018-09-04T19:10:49","modified_gmt":"2018-09-04T22:10:49","slug":"encontro-de-animacao-e-formacao-missionaria-no-ceara","status":"publish","type":"post","link":"http:\/\/portalcatolico.net\/portal\/encontro-de-animacao-e-formacao-missionaria-no-ceara\/","title":{"rendered":"Encontro de anima\u00e7\u00e3o e forma\u00e7\u00e3o mission\u00e1ria no Cear\u00e1"},"content":{"rendered":"<p>Reunida no \u00faltimo final de semana, de 31 de agosto a 2 de setembro, na cidade de Quixad\u00e1, a Igreja do Cear\u00e1, por meio de suas dioceses, discutiu propostas e contribui\u00e7\u00f5es para a elabora\u00e7\u00e3o do Programa Mission\u00e1rio Nacional.<\/p>\n<p><a href=\"http:\/\/www.pom.org.br\/wp-content\/uploads\/2018\/09\/img-20180901-wa0125.jpg\" data-featherlight=\"image\"><img loading=\"lazy\" decoding=\"async\" class=\"alignleft wp-image-9282\" src=\"http:\/\/www.pom.org.br\/wp-content\/uploads\/2018\/09\/img-20180901-wa0125-300x146.jpg\" srcset=\"http:\/\/www.pom.org.br\/wp-content\/uploads\/2018\/09\/img-20180901-wa0125-300x146.jpg 300w, http:\/\/www.pom.org.br\/wp-content\/uploads\/2018\/09\/img-20180901-wa0125-768x373.jpg 768w, http:\/\/www.pom.org.br\/wp-content\/uploads\/2018\/09\/img-20180901-wa0125-1024x498.jpg 1024w, http:\/\/www.pom.org.br\/wp-content\/uploads\/2018\/09\/img-20180901-wa0125.jpg 1280w\" alt=\"IMG-20180901-WA0125\" width=\"400\" height=\"194\"><\/a>O encontro de anima\u00e7\u00e3o e forma\u00e7\u00e3o mission\u00e1ria foi sediado no Centro Diocesano de Pastoral S\u00e3o Jos\u00e9, e teve como assessor o Pe. Antonio Niemiec, secret\u00e1rio da Pontif\u00edcia Uni\u00e3o Mission\u00e1ria. Cerca de 70 participantes, oriundos de 7 das 9 dioceses, estiveram presente neste encontro.<\/p>\n<p>Sob a articula\u00e7\u00e3o e organiza\u00e7\u00e3o do COMIRE, o encontro contou com representa\u00e7\u00f5es de vertentes mission\u00e1rias a n\u00edvel regional e diocesano (COMIDI\u2019s, COMIPAS\u2019s, COMISE\u2019s GAM\u2019s, JM, IAM). Dom Ailton Menegussi, bispo de Crate\u00fas e referencial para a Comiss\u00e3o Mission\u00e1ria do RNE 1, tamb\u00e9m esteve presente nesta forma\u00e7\u00e3o.<\/p>\n<p><a href=\"http:\/\/www.pom.org.br\/wp-content\/uploads\/2018\/09\/img-20180901-wa0169.jpg\" data-featherlight=\"image\"><img loading=\"lazy\" decoding=\"async\" class=\"alignright wp-image-9283\" src=\"http:\/\/www.pom.org.br\/wp-content\/uploads\/2018\/09\/img-20180901-wa0169-300x146.jpg\" srcset=\"http:\/\/www.pom.org.br\/wp-content\/uploads\/2018\/09\/img-20180901-wa0169-300x146.jpg 300w, http:\/\/www.pom.org.br\/wp-content\/uploads\/2018\/09\/img-20180901-wa0169-768x373.jpg 768w, http:\/\/www.pom.org.br\/wp-content\/uploads\/2018\/09\/img-20180901-wa0169-1024x498.jpg 1024w, http:\/\/www.pom.org.br\/wp-content\/uploads\/2018\/09\/img-20180901-wa0169.jpg 1280w\" alt=\"IMG-20180901-WA0169\" width=\"400\" height=\"194\"><\/a>O encontro, que teve uma intensa e dinamizada programa\u00e7\u00e3o (forma\u00e7\u00f5es, discuss\u00f5es em grupos, plen\u00e1rias, noite cultural, ora\u00e7\u00f5es e celebra\u00e7\u00f5es), foi um momento importante para anima\u00e7\u00e3o da atividade evangelizadora da Igreja mission\u00e1ria na Terra da Luz. \u201cA alegria e o ardor desta Igreja (do Cear\u00e1) t\u00eam muito a colaborar na edifica\u00e7\u00e3o do Programa Mission\u00e1rio Nacional\u201d, destaca o assessor, ao agradecer a receptividade dos cearenses participantes do evento.(POM)<\/p>\n<p><a href=\"http:\/\/www.pom.org.br\/wp-content\/uploads\/2018\/09\/img-20180903-wa0010.jpg\" data-featherlight=\"image\"><img loading=\"lazy\" decoding=\"async\" class=\"alignnone wp-image-9284\" src=\"http:\/\/www.pom.org.br\/wp-content\/uploads\/2018\/09\/img-20180903-wa0010-300x146.jpg\" srcset=\"http:\/\/www.pom.org.br\/wp-content\/uploads\/2018\/09\/img-20180903-wa0010-300x146.jpg 300w, http:\/\/www.pom.org.br\/wp-content\/uploads\/2018\/09\/img-20180903-wa0010-768x373.jpg 768w, http:\/\/www.pom.org.br\/wp-content\/uploads\/2018\/09\/img-20180903-wa0010-1024x498.jpg 1024w, http:\/\/www.pom.org.br\/wp-content\/uploads\/2018\/09\/img-20180903-wa0010.jpg 1280w\" alt=\"IMG-20180903-WA0010\" width=\"800\" height=\"389\"><\/a><\/p>\n","protected":false},"excerpt":{"rendered":"<p>Reunida no \u00faltimo final de semana, de 31 de agosto a 2 de setembro, na cidade de Quixad\u00e1, a Igreja do Cear\u00e1, por meio de suas dioceses, discutiu propostas e contribui\u00e7\u00f5es para a elabora\u00e7\u00e3o do Programa Mission\u00e1rio Nacional. O encontro de anima\u00e7\u00e3o e forma\u00e7\u00e3o mission\u00e1ria foi sediado no Centro Diocesano de Pastoral S\u00e3o Jos\u00e9, e&nbsp;<\/p>\n<p><a class=\"btn btn-style\" href=\"http:\/\/portalcatolico.net\/portal\/encontro-de-animacao-e-formacao-missionaria-no-ceara\/\">Continue Reading<\/a><\/p>\n","protected":false},"author":2,"featured_media":58134,"comment_status":"open","ping_status":"open","sticky":false,"template":"","format":"standard","meta":{"footnotes":""},"categories":[3],"tags":[],"class_list":["post-58133","post","type-post","status-publish","format-standard","has-post-thumbnail","hentry","category-noticias_regionais"],"_links":{"self":[{"href":"http:\/\/portalcatolico.net\/portal\/wp-json\/wp\/v2\/posts\/58133","targetHints":{"allow":["GET"]}}],"collection":[{"href":"http:\/\/portalcatolico.net\/portal\/wp-json\/wp\/v2\/posts"}],"about":[{"href":"http:\/\/portalcatolico.net\/portal\/wp-json\/wp\/v2\/types\/post"}],"author":[{"embeddable":true,"href":"http:\/\/portalcatolico.net\/portal\/wp-json\/wp\/v2\/users\/2"}],"replies":[{"embeddable":true,"href":"http:\/\/portalcatolico.net\/portal\/wp-json\/wp\/v2\/comments?post=58133"}],"version-history":[{"count":1,"href":"http:\/\/portalcatolico.net\/portal\/wp-json\/wp\/v2\/posts\/58133\/revisions"}],"predecessor-version":[{"id":58135,"href":"http:\/\/portalcatolico.net\/portal\/wp-json\/wp\/v2\/posts\/58133\/revisions\/58135"}],"wp:featuredmedia":[{"embeddable":true,"href":"http:\/\/portalcatolico.net\/portal\/wp-json\/wp\/v2\/media\/58134"}],"wp:attachment":[{"href":"http:\/\/portalcatolico.net\/portal\/wp-json\/wp\/v2\/media?parent=58133"}],"wp:term":[{"taxonomy":"category","embeddable":true,"href":"http:\/\/portalcatolico.net\/portal\/wp-json\/wp\/v2\/categories?post=58133"},{"taxonomy":"post_tag","embeddable":true,"href":"http:\/\/portalcatolico.net\/portal\/wp-json\/wp\/v2\/tags?post=58133"}],"curies":[{"name":"wp","href":"https:\/\/api.w.org\/{rel}","templated":true}]}}