{"id":58129,"date":"2018-09-04T12:07:36","date_gmt":"2018-09-04T15:07:36","guid":{"rendered":"http:\/\/portalcatolico.net\/portal\/?p=58129"},"modified":"2018-09-04T12:07:58","modified_gmt":"2018-09-04T15:07:58","slug":"encontro-de-atualizacao-para-presbiteros-acontecera-em-ambito-regional-a-partir-de-2019","status":"publish","type":"post","link":"http:\/\/portalcatolico.net\/portal\/encontro-de-atualizacao-para-presbiteros-acontecera-em-ambito-regional-a-partir-de-2019\/","title":{"rendered":"Encontro de atualiza\u00e7\u00e3o para presb\u00edteros acontecer\u00e1 em \u00e2mbito regional, a partir de 2019"},"content":{"rendered":"<p>A partir de 2019, o encontro de atualiza\u00e7\u00e3o para presb\u00edteros acontecer\u00e1 em \u00e2mbito regional. \u00c9 o que informa o presidente da Comiss\u00e3o Nacional dos Presb\u00edteros (CNP), padre Jos\u00e9 Adelson da Silva Rodrigues. A inten\u00e7\u00e3o \u00e9 promover um encontro mais participativo e atraente para os padres, uma vez que acontecer\u00e1 no contexto de cada um dos 18 regionais da Confer\u00eancia Nacional dos Bispos do Brasil (CNBB).<\/p>\n<div id=\"attachment_199887\" class=\"wp-caption alignleft\" style=\"width: 407px;\">\n<p><img loading=\"lazy\" decoding=\"async\" class=\" wp-image-199887\" src=\"http:\/\/www.cnbb.org.br\/wp-content\/uploads\/sites\/32\/2018\/09\/Padre-Jos%C3%A9-Adelson-300x200.jpg\" srcset=\"http:\/\/www.cnbb.org.br\/wp-content\/uploads\/sites\/32\/2018\/09\/Padre-Jos\u00e9-Adelson-300x200.jpg 300w, http:\/\/www.cnbb.org.br\/wp-content\/uploads\/sites\/32\/2018\/09\/Padre-Jos\u00e9-Adelson-768x512.jpg 768w, http:\/\/www.cnbb.org.br\/wp-content\/uploads\/sites\/32\/2018\/09\/Padre-Jos\u00e9-Adelson-1024x682.jpg 1024w, http:\/\/www.cnbb.org.br\/wp-content\/uploads\/sites\/32\/2018\/09\/Padre-Jos\u00e9-Adelson.jpg 1067w\" alt=\"\" width=\"407\" height=\"271\"><\/p>\n<p class=\"wp-caption-text\"><em>Padre Jos\u00e9 Adelson, presidente da CNP | Foto: Matheus de Souza<\/em><\/p>\n<\/div>\n<p>A decis\u00e3o foi tomada em reuni\u00e3o entre a Comiss\u00e3o Episcopal Pastoral para os Minist\u00e9rios Ordenados e a Vida Consagrada da CNBB e a dire\u00e7\u00e3o da CNP. Na ocasi\u00e3o, consideraram \u201cduas experi\u00eancias muito ricas\u201d de encontros regionais de presb\u00edteros que aconteceram nos regionais Sul 2 e Sul 3 da CNBB.<\/p>\n<blockquote><p><strong><em>\u201cUm encontro que realizar\u00edamos em janeiro, seria uma m\u00e9dia de 20 ou 30 padres, no m\u00e1ximo. E nos regionais est\u00e1 atingindo um n\u00famero maior do que esse. Na \u00faltima reuni\u00e3o da Comiss\u00e3o Nacional, decidimos juntos com a Comiss\u00e3o Episcopal cancelar este encontro de atualiza\u00e7\u00e3o que seria realizado em janeiro e enfatizar\u00edamos a realiza\u00e7\u00e3o deste mesmo encontro a n\u00edvel de regi\u00e3o, que envolve mais, \u00e9 muito mais atraente para um maior n\u00famero de padres\u201d, explica padre Adelson.<\/em><\/strong><\/p><\/blockquote>\n<p>Segundo o presb\u00edtero, continuar\u00e3o sendo abordados temas sobre o \u201ccontexto geral do ser humano, o padre como um todo\u201d, os quais abordam as dimens\u00f5es pastoral, intelectual e f\u00edsica dos padres. Em um ano, acontecer\u00e1 o encontro nacional, como aconteceu neste ano o 17\u00ba Encontro Nacional dos Presb\u00edteros, e no ano seguinte, o de atualiza\u00e7\u00e3o acontecendo regionalmente. Fonte:CNBB<\/p>\n","protected":false},"excerpt":{"rendered":"<p>A partir de 2019, o encontro de atualiza\u00e7\u00e3o para presb\u00edteros acontecer\u00e1 em \u00e2mbito regional. \u00c9 o que informa o presidente da Comiss\u00e3o Nacional dos Presb\u00edteros (CNP), padre Jos\u00e9 Adelson da Silva Rodrigues. A inten\u00e7\u00e3o \u00e9 promover um encontro mais participativo e atraente para os padres, uma vez que acontecer\u00e1 no contexto de cada um dos&nbsp;<\/p>\n<p><a class=\"btn btn-style\" href=\"http:\/\/portalcatolico.net\/portal\/encontro-de-atualizacao-para-presbiteros-acontecera-em-ambito-regional-a-partir-de-2019\/\">Continue Reading<\/a><\/p>\n","protected":false},"author":2,"featured_media":58130,"comment_status":"open","ping_status":"open","sticky":false,"template":"","format":"standard","meta":{"footnotes":""},"categories":[3],"tags":[],"class_list":["post-58129","post","type-post","status-publish","format-standard","has-post-thumbnail","hentry","category-noticias_regionais"],"_links":{"self":[{"href":"http:\/\/portalcatolico.net\/portal\/wp-json\/wp\/v2\/posts\/58129","targetHints":{"allow":["GET"]}}],"collection":[{"href":"http:\/\/portalcatolico.net\/portal\/wp-json\/wp\/v2\/posts"}],"about":[{"href":"http:\/\/portalcatolico.net\/portal\/wp-json\/wp\/v2\/types\/post"}],"author":[{"embeddable":true,"href":"http:\/\/portalcatolico.net\/portal\/wp-json\/wp\/v2\/users\/2"}],"replies":[{"embeddable":true,"href":"http:\/\/portalcatolico.net\/portal\/wp-json\/wp\/v2\/comments?post=58129"}],"version-history":[{"count":2,"href":"http:\/\/portalcatolico.net\/portal\/wp-json\/wp\/v2\/posts\/58129\/revisions"}],"predecessor-version":[{"id":58132,"href":"http:\/\/portalcatolico.net\/portal\/wp-json\/wp\/v2\/posts\/58129\/revisions\/58132"}],"wp:featuredmedia":[{"embeddable":true,"href":"http:\/\/portalcatolico.net\/portal\/wp-json\/wp\/v2\/media\/58130"}],"wp:attachment":[{"href":"http:\/\/portalcatolico.net\/portal\/wp-json\/wp\/v2\/media?parent=58129"}],"wp:term":[{"taxonomy":"category","embeddable":true,"href":"http:\/\/portalcatolico.net\/portal\/wp-json\/wp\/v2\/categories?post=58129"},{"taxonomy":"post_tag","embeddable":true,"href":"http:\/\/portalcatolico.net\/portal\/wp-json\/wp\/v2\/tags?post=58129"}],"curies":[{"name":"wp","href":"https:\/\/api.w.org\/{rel}","templated":true}]}}