{"id":58124,"date":"2018-09-04T11:58:11","date_gmt":"2018-09-04T14:58:11","guid":{"rendered":"http:\/\/portalcatolico.net\/portal\/?p=58124"},"modified":"2018-09-04T11:59:40","modified_gmt":"2018-09-04T14:59:40","slug":"duas-publicacoes-sao-lancadas-durante-a-assembleia-do-regional-2018","status":"publish","type":"post","link":"http:\/\/portalcatolico.net\/portal\/duas-publicacoes-sao-lancadas-durante-a-assembleia-do-regional-2018\/","title":{"rendered":"Duas publica\u00e7\u00f5es s\u00e3o lan\u00e7adas durante a Assembleia do Regional 2018"},"content":{"rendered":"<div class=\"container\">\n<div class=\"container-wrapper fullwidth-entry-title\">\n<header class=\"entry-header-outer\">\n<div class=\"entry-header\">\n<div class=\"container\">\n<div class=\"container-wrapper fullwidth-entry-title\">\n<header class=\"entry-header-outer\">\n<div class=\"entry-header\">\n<div class=\"post-meta\">&nbsp;<\/div>\n<\/div>\n<\/header>\n<\/div>\n<\/div>\n<div id=\"content\" class=\"site-content container\">\n<div class=\"tie-row main-content-row\">\n<div class=\"main-content tie-col-md-8 tie-col-xs-12\" role=\"main\">\n<article id=\"the-post\" class=\"container-wrapper post-content tie_standard\">\n<div class=\"entry-content entry clearfix\">\n<p><a href=\"https:\/\/www.cnbbne3.org.br\/wordpress\/wp-content\/uploads\/2018\/08\/IMG_5603-e1535629700930.jpg\"><img loading=\"lazy\" decoding=\"async\" class=\"wp-image-15727 alignleft\" src=\"https:\/\/www.cnbbne3.org.br\/wordpress\/wp-content\/uploads\/2018\/08\/IMG_5603-e1535629700930.jpg\" sizes=\"auto, (max-width: 138px) 100vw, 138px\" srcset=\"https:\/\/www.cnbbne3.org.br\/wordpress\/wp-content\/uploads\/2018\/08\/IMG_5603-e1535629700930.jpg 2304w, https:\/\/www.cnbbne3.org.br\/wordpress\/wp-content\/uploads\/2018\/08\/IMG_5603-e1535629700930-200x300.jpg 200w, https:\/\/www.cnbbne3.org.br\/wordpress\/wp-content\/uploads\/2018\/08\/IMG_5603-e1535629700930-768x1152.jpg 768w, https:\/\/www.cnbbne3.org.br\/wordpress\/wp-content\/uploads\/2018\/08\/IMG_5603-e1535629700930-683x1024.jpg 683w\" alt=\"\" width=\"138\" height=\"206\"><\/a>Duas novas publica\u00e7\u00f5es foram lan\u00e7adas durante a Assembleia de Pastoral 2018 do Regional Nordeste 3 realizado de 27 a 30 de agosto, em Salvador\/BA: O subs\u00eddio sobre a Novena de Natal 2018, que foi lan\u00e7ada pelo Regional e a Cartilha Ecol\u00f3gica do Rio S\u00e3o Francisco, lan\u00e7ada pelas Edi\u00e7\u00f5es CNBB.<\/p>\n<p>O subs\u00eddio sobre o Natal traz o tema \u201cNossa Fam\u00edlia acolhe o Salvador\u201d e tem o objetivo de orientar para que os valores da fam\u00edlia como casa da vida, da inicia\u00e7\u00e3o crist\u00e3, do evangelho e da santidade, sejam vivenciados nos lares. O livro que traz a descri\u00e7\u00e3o dos dias de novena nas casas, al\u00e9m de ora\u00e7\u00f5es e c\u00e2nticos, custa R$<a href=\"https:\/\/www.cnbbne3.org.br\/wordpress\/wp-content\/uploads\/2018\/08\/IMG_5602-e1535629967589.jpg\"><img loading=\"lazy\" decoding=\"async\" class=\"alignright wp-image-15729\" src=\"https:\/\/www.cnbbne3.org.br\/wordpress\/wp-content\/uploads\/2018\/08\/IMG_5602-e1535629967589.jpg\" sizes=\"auto, (max-width: 131px) 100vw, 131px\" srcset=\"https:\/\/www.cnbbne3.org.br\/wordpress\/wp-content\/uploads\/2018\/08\/IMG_5602-e1535629967589.jpg 2304w, https:\/\/www.cnbbne3.org.br\/wordpress\/wp-content\/uploads\/2018\/08\/IMG_5602-e1535629967589-200x300.jpg 200w, https:\/\/www.cnbbne3.org.br\/wordpress\/wp-content\/uploads\/2018\/08\/IMG_5602-e1535629967589-768x1152.jpg 768w, https:\/\/www.cnbbne3.org.br\/wordpress\/wp-content\/uploads\/2018\/08\/IMG_5602-e1535629967589-683x1024.jpg 683w\" alt=\"\" width=\"131\" height=\"197\"><\/a>1,50.<\/p>\n<p>J\u00e1 a Cartilha Ecol\u00f3gica do Rio S\u00e3o Francisco, que custa R$15 descreve o Rio e seusafluentes, al\u00e9m de mostrar o que ocasiona sua morte. O livro prop\u00f5e que a\u00e7\u00f5es concretas sejam assumidas com o objetivo de reverter esse processo. O texto que foi escrito por muitas m\u00e3os, teve a finaliza\u00e7\u00e3o de Dom Frei Luiz Fl\u00e1vio Cappio, OFM, bispo da Diocese de Barra, que&nbsp;em um momento de sua vida, chegou a fazer&nbsp;greve de fome&nbsp;em defesa do Rio S\u00e3o Francisco, na cidade de&nbsp;Cabrob\u00f3\/PE. Na \u00e9poca, seu protesto era a favor da revitaliza\u00e7\u00e3o do rio e contra o projeto de&nbsp;sua transposi\u00e7\u00e3o.<\/p>\n<p>Cappio descreveu o livro como um material did\u00e1tico, acess\u00edvel ao povo e que pode ser usado tamb\u00e9m nas escolas. &nbsp;\u201cA cartilha \u00e9 muito simples, muito did\u00e1tica, \u00e9 direcionada ao povo beiradeiro, aos professores, aos lideres de comunidade. A inten\u00e7\u00e3o \u00e9 que o povo a conhe\u00e7a para que tomem uma consci\u00eancia cada vez mais profunda dos problemas que afetam o Velho Chico. Ent\u00e3o, esse \u00e9 um dia de gl\u00f3ria para n\u00f3s. Muito obrigada!\u201d, agradeceu o bispo.<\/p>\n<p>Os livros podem ser encontrados na Loja da CNBB, localizada na Rua Leovigildo Filgueiras, 270 \u2013 Garcia ou pelo telefone: (71) 99739-7839.<\/p>\n<\/div>\n<\/article>\n<\/div>\n<\/div>\n<\/div>\n<\/div>\n<\/header>\n<\/div>\n<\/div>\n<div id=\"content\" class=\"site-content container\">\n<div class=\"tie-row main-content-row\">\n<div class=\"main-content tie-col-md-8 tie-col-xs-12\" role=\"main\">\n<article id=\"the-post\" class=\"container-wrapper post-content tie_standard\">\n<div class=\"entry-content entry clearfix\">\n<p>Informa\u00e7\u00f5es:Regional Nordeste 3<\/p>\n<\/div>\n<\/article>\n<\/div>\n<\/div>\n<\/div>\n","protected":false},"excerpt":{"rendered":"<p>&nbsp; Duas novas publica\u00e7\u00f5es foram lan\u00e7adas durante a Assembleia de Pastoral 2018 do Regional Nordeste 3 realizado de 27 a 30 de agosto, em Salvador\/BA: O subs\u00eddio sobre a Novena de Natal 2018, que foi lan\u00e7ada pelo Regional e a Cartilha Ecol\u00f3gica do Rio S\u00e3o Francisco, lan\u00e7ada pelas Edi\u00e7\u00f5es CNBB. O subs\u00eddio sobre o Natal&nbsp;<\/p>\n<p><a class=\"btn btn-style\" href=\"http:\/\/portalcatolico.net\/portal\/duas-publicacoes-sao-lancadas-durante-a-assembleia-do-regional-2018\/\">Continue Reading<\/a><\/p>\n","protected":false},"author":2,"featured_media":58125,"comment_status":"open","ping_status":"open","sticky":false,"template":"","format":"standard","meta":{"footnotes":""},"categories":[4],"tags":[],"class_list":["post-58124","post","type-post","status-publish","format-standard","has-post-thumbnail","hentry","category-destaques"],"_links":{"self":[{"href":"http:\/\/portalcatolico.net\/portal\/wp-json\/wp\/v2\/posts\/58124","targetHints":{"allow":["GET"]}}],"collection":[{"href":"http:\/\/portalcatolico.net\/portal\/wp-json\/wp\/v2\/posts"}],"about":[{"href":"http:\/\/portalcatolico.net\/portal\/wp-json\/wp\/v2\/types\/post"}],"author":[{"embeddable":true,"href":"http:\/\/portalcatolico.net\/portal\/wp-json\/wp\/v2\/users\/2"}],"replies":[{"embeddable":true,"href":"http:\/\/portalcatolico.net\/portal\/wp-json\/wp\/v2\/comments?post=58124"}],"version-history":[{"count":3,"href":"http:\/\/portalcatolico.net\/portal\/wp-json\/wp\/v2\/posts\/58124\/revisions"}],"predecessor-version":[{"id":58128,"href":"http:\/\/portalcatolico.net\/portal\/wp-json\/wp\/v2\/posts\/58124\/revisions\/58128"}],"wp:featuredmedia":[{"embeddable":true,"href":"http:\/\/portalcatolico.net\/portal\/wp-json\/wp\/v2\/media\/58125"}],"wp:attachment":[{"href":"http:\/\/portalcatolico.net\/portal\/wp-json\/wp\/v2\/media?parent=58124"}],"wp:term":[{"taxonomy":"category","embeddable":true,"href":"http:\/\/portalcatolico.net\/portal\/wp-json\/wp\/v2\/categories?post=58124"},{"taxonomy":"post_tag","embeddable":true,"href":"http:\/\/portalcatolico.net\/portal\/wp-json\/wp\/v2\/tags?post=58124"}],"curies":[{"name":"wp","href":"https:\/\/api.w.org\/{rel}","templated":true}]}}