{"id":58115,"date":"2018-09-03T17:45:03","date_gmt":"2018-09-03T20:45:03","guid":{"rendered":"http:\/\/portalcatolico.net\/portal\/?p=58115"},"modified":"2018-09-03T23:50:53","modified_gmt":"2018-09-04T02:50:53","slug":"jovem-catolica-faleceu-esta-tarde-em-itabuna","status":"publish","type":"post","link":"http:\/\/portalcatolico.net\/portal\/jovem-catolica-faleceu-esta-tarde-em-itabuna\/","title":{"rendered":"Jovem cat\u00f3lica faleceu esta tarde em Itabuna"},"content":{"rendered":"<div dir=\"auto\">Faleceu na tarde desta segunda-feira (03), a jovem Jana\u00edna Cruz. Ela era Coordenadora da Legi\u00e3o de Maria em Itabuna e vinha enfrentando problemas de sa\u00fade.<\/div>\n<div dir=\"auto\">Em breve, mais informa\u00e7\u00f5es. Acompanhe!&nbsp;<\/div>\n<div dir=\"auto\">Foto:Reprodu\u00e7\u00e3o\/Facebook<\/div>\n<div dir=\"auto\">&nbsp;<\/div>\n<div dir=\"auto\"><span style=\"color: #ff0000;\">Atualizado \u00e1s 23h.<\/span><\/div>\n<div dir=\"auto\">&nbsp;<\/div>\n<div dir=\"auto\">\n<div dir=\"auto\">Os legion\u00e1rios da Legi\u00e3o de Maria da Diocese de Itabuna, compartilhou na tarde desta segunda-feira, 03 de setembro,&nbsp; em sua p\u00e1gina do Facebook, a triste not\u00edcia do falecimento de Janaina Cruz, legion\u00e1ria, presidente do Comitium Regina Apostolorum&nbsp; (Coordenadora Diocesana da Legi\u00e3o de Maria).&nbsp;<\/div>\n<div dir=\"auto\">O \u00f3bito veio por motivos de dificuldades respirat\u00f3rias!&nbsp;<\/div>\n<div dir=\"auto\">Por isso, Legi\u00e3o de Maria est\u00e1 em luto!<\/div>\n<div dir=\"auto\">O corpo de Janaina Cruz Sousa est\u00e1 sendo velado na Par\u00f3quia Nossa Senhora de F\u00e1tima, situada na Avenida Juracy Magalh\u00e3es, no bairro de F\u00e1tima, em Itabuna. A missa de corpo presente ser\u00e1 \u00e0s 14h e o sepultamento est\u00e1 marcado para \u00e0s 15h30, no Cemit\u00e9rio Campo Santo, no cento da cidade.<\/div>\n<div dir=\"auto\">&nbsp;<\/div>\n<div dir=\"auto\">Edi\u00e7\u00e3o de texto:Portal Cat\u00f3lico.Net&nbsp;<\/div>\n<\/div>\n","protected":false},"excerpt":{"rendered":"<p>Faleceu na tarde desta segunda-feira (03), a jovem Jana\u00edna Cruz. Ela era Coordenadora da Legi\u00e3o de Maria em Itabuna e vinha enfrentando problemas de sa\u00fade. Em breve, mais informa\u00e7\u00f5es. Acompanhe!&nbsp; Foto:Reprodu\u00e7\u00e3o\/Facebook &nbsp; Atualizado \u00e1s 23h. &nbsp; Os legion\u00e1rios da Legi\u00e3o de Maria da Diocese de Itabuna, compartilhou na tarde desta segunda-feira, 03 de setembro,&nbsp; em&nbsp;<\/p>\n<p><a class=\"btn btn-style\" href=\"http:\/\/portalcatolico.net\/portal\/jovem-catolica-faleceu-esta-tarde-em-itabuna\/\">Continue Reading<\/a><\/p>\n","protected":false},"author":2,"featured_media":58116,"comment_status":"open","ping_status":"open","sticky":false,"template":"","format":"standard","meta":{"footnotes":""},"categories":[4],"tags":[],"class_list":["post-58115","post","type-post","status-publish","format-standard","has-post-thumbnail","hentry","category-destaques"],"_links":{"self":[{"href":"http:\/\/portalcatolico.net\/portal\/wp-json\/wp\/v2\/posts\/58115","targetHints":{"allow":["GET"]}}],"collection":[{"href":"http:\/\/portalcatolico.net\/portal\/wp-json\/wp\/v2\/posts"}],"about":[{"href":"http:\/\/portalcatolico.net\/portal\/wp-json\/wp\/v2\/types\/post"}],"author":[{"embeddable":true,"href":"http:\/\/portalcatolico.net\/portal\/wp-json\/wp\/v2\/users\/2"}],"replies":[{"embeddable":true,"href":"http:\/\/portalcatolico.net\/portal\/wp-json\/wp\/v2\/comments?post=58115"}],"version-history":[{"count":6,"href":"http:\/\/portalcatolico.net\/portal\/wp-json\/wp\/v2\/posts\/58115\/revisions"}],"predecessor-version":[{"id":58122,"href":"http:\/\/portalcatolico.net\/portal\/wp-json\/wp\/v2\/posts\/58115\/revisions\/58122"}],"wp:featuredmedia":[{"embeddable":true,"href":"http:\/\/portalcatolico.net\/portal\/wp-json\/wp\/v2\/media\/58116"}],"wp:attachment":[{"href":"http:\/\/portalcatolico.net\/portal\/wp-json\/wp\/v2\/media?parent=58115"}],"wp:term":[{"taxonomy":"category","embeddable":true,"href":"http:\/\/portalcatolico.net\/portal\/wp-json\/wp\/v2\/categories?post=58115"},{"taxonomy":"post_tag","embeddable":true,"href":"http:\/\/portalcatolico.net\/portal\/wp-json\/wp\/v2\/tags?post=58115"}],"curies":[{"name":"wp","href":"https:\/\/api.w.org\/{rel}","templated":true}]}}