{"id":58112,"date":"2018-09-03T06:36:37","date_gmt":"2018-09-03T09:36:37","guid":{"rendered":"http:\/\/portalcatolico.net\/portal\/?p=58112"},"modified":"2018-09-03T06:36:37","modified_gmt":"2018-09-03T09:36:37","slug":"itabuna-sedia-pela-setima-vez-o-phn","status":"publish","type":"post","link":"http:\/\/portalcatolico.net\/portal\/itabuna-sedia-pela-setima-vez-o-phn\/","title":{"rendered":"Itabuna sedia pela s\u00e9tima vez, o PHN!"},"content":{"rendered":"<p style=\"font-weight: 400;\">O grupo de Ora\u00e7\u00e3o da Renova\u00e7\u00e3o Carism\u00e1tica&nbsp;Cat\u00f3lica pertencente \u00e0 Par\u00f3quia Santa Rita de C\u00e1ssia na Diocese&nbsp;de Itabuna, sediou o 7\u00ba PHN ( Por hoje n\u00e3o vou mais&nbsp;pecar), neste fim de semana, nos dias 01 e 02 de setembro. O evento aconteceu na&nbsp;quadra poliesportiva do col\u00e9gio CAIC, situado no bairro Jardim Primavera&nbsp;em Itabuna (BA).<\/p>\n<p style=\"font-weight: 400;\">Na \u00faltima quinta-feira, 30, \u00e0s 19h, aconteceu a Santa Missa de envio, presidida&nbsp;pelo p\u00e1roco da Igreja Matriz de Santa Rita de C\u00e1ssia, o Pe. Frei Jos\u00e9&nbsp;Genilton Castro. Durante o VII PHN, as crian\u00e7as tiveram seu espa\u00e7o de&nbsp;<br \/>\nevangeliza\u00e7\u00e3o enquanto os pais participavam do evento, que foi composto de ora\u00e7\u00e3o, prega\u00e7\u00f5es, louvor, confiss\u00f5es, adora\u00e7\u00e3o ao&nbsp;Sant\u00edssimo Sacramento, santas missas, noite carism\u00e1tica, entre outros&nbsp;<br \/>\nmomentos importantes para a evangeliza\u00e7\u00e3o.<br \/>\nO&nbsp; tema para este ano foi: &#8220;Eis que estou \u00e0 porta e bato&#8221; (Ap 3,20). Os pregadores foram: Eudes Duarte (de Itaobim, MG) e Eni Rocha (da Comunidade&nbsp;Filhos de Jo\u00e3o Batista de Sete Lagos, MG).<\/p>\n<p style=\"font-weight: 400;\">Os&nbsp; Minist\u00e9rios de M\u00fasica&nbsp; que&nbsp;animaram e&nbsp; alegraram os participantes&nbsp; foram: Comunidade de Alian\u00e7a&nbsp;Santa Cec\u00edlia, Crescendo com Cristo, Minist\u00e9rio&nbsp; Theou e a participa\u00e7\u00e3o&nbsp;especial da Comunidade MEFA (Miss\u00e3o Eucar\u00edstica Fogo no Altar.<\/p>\n<p style=\"font-weight: 400;\">\nAlguns padres e di\u00e1conos&nbsp;diocesanos prestigiaram o evento&nbsp;presidindo&nbsp; as duas missas&nbsp;(de s\u00e1bado e domingo) e atendendo confiss\u00f5es. Foram eles: Pe. Frei Jos\u00e9 Genilton, Pe.&nbsp;Frei Alberto, Frei Carlos In\u00e1cio, Pe. Ezequias&nbsp;Gon\u00e7alves, Pe. Tony Val\u00e9rio,&nbsp; Pe.&nbsp; Manoel Carlos, Pe. Jos\u00e9 Roberto, Pe.&nbsp;Francisco Cerqueira&nbsp; de Andrade e di\u00e1cono Othon Dantas.<\/p>\n<p style=\"font-weight: 400;\">\nO Pe. Ezeguias Gon\u00e7alves (da Par\u00f3quia Nossa Senhora Aparecida de Itabuna), presidiu a Santa Missa do s\u00e1bado, \u00e0s 17h, e concelebrou com&nbsp; o Pe.&nbsp;Francisco Cerqueira. Na homilia, ele disse &#8220;N\u00e3o perca a oportunidade de voc\u00ea fazer a diferen\u00e7a.A gente tem que oferecer ao mundo, o melhor. \u00c9 isso que a nossa Diocese espera dos nossos cat\u00f3licos. \u00c9 isso que as nossas par\u00f3quias esperam. Homens e mulheres que ofere\u00e7am a alegria e o bem de Deus&#8221;.<\/p>\n<p style=\"font-weight: 400;\">O bispo da Diocese de Itabuna, Dom Carlos Alberto dos Santos, presidiu a Santa&nbsp;Missa&nbsp; das 11h.&nbsp;&nbsp;A concelebra\u00e7\u00e3o foi feita por: Frei Pe. Jos\u00e9 Genilton, Frei Carlos In\u00e1cio, Pe. Manoel Carlos,&nbsp;Pe. Francisco Cerqueira e&nbsp;&nbsp;Othon Dantas.<\/p>\n<p style=\"font-weight: 400;\">Na oportunidade, Dom Carlos disse: &#8220;O momento de Deus chega a qualquer momento na vida de uma pessoa. E quando a par\u00f3quia come\u00e7a a fazer esse trabalho, unido a toda Igreja, ela se enriquece, amadurece e favorece cada vez mais a mudan\u00e7a de vida de v\u00e1rias pessoas, de tal forma que n\u00f3s nos alegamos e queremos muito louvar ao Senhor por esse momento em que juntos estamos realizando mais um encontro do PHN em nossa Diocese&#8221;.<\/p>\n<p style=\"font-weight: 400;\">Frei Genilton tamb\u00e9m falou sobre a alegria de estar vivendo esse momento: &#8220;Esse grupo de ora\u00e7\u00e3o \u00e9 um dos momentos mais fortes na vida da nossa par\u00f3quia. Primeiro, \u00e9 um povo que se coloca nas m\u00e3os de Deus, nos bra\u00e7os&nbsp;&nbsp;de Deus, e isso significa que \u00e9 um povo de f\u00e9, de esperan\u00e7a e que quer mudar e mudar pra melhor. E essa mudan\u00e7a s\u00f3 se d\u00e1 com retiros espirituais, palestras, eucaristia, confiss\u00e3o, di\u00e1logo, principalmente o di\u00e1logo com o Senhor, quando as pessoas v\u00e3o at\u00e9 o Sant\u00edssimo, dobram os seus joelhos e conversam com Ele&#8221;.&nbsp;<br \/>\nO Presidente da RCC da Diocese de Itabuna, Alexsandro Nonato,&nbsp; participou do VII PHN e tamb\u00e9m ressaltou a import\u00e2ncia do evento. &#8220;Esse evento \u00e9 importante para a Diocese de Itabuna como um todo, para \u00e0queles que aceitaram o convite, pois o pr\u00f3prio nome do evento j\u00e1 diz: Por hoje n\u00e3o vou mais pecar. \u00c9 um evento que nos leva a um encontro com Jesus, que nos faz o convite de querer ser santo todos os dias, de n\u00e3o querer pecar mais&#8221;, finalizou.<\/p>\n<p>Fotos e reportagem: Valdeni Elias<\/p>\n<p>Edi\u00e7\u00e3o de texto: Anara Passos (Jornalista- DRT 7574)<\/p>\n<p>Galeria de fotos:<span style=\"color: #ff0000;\"><strong>CLIQUE AQUI<\/strong><\/span><\/p>\n","protected":false},"excerpt":{"rendered":"<p>O grupo de Ora\u00e7\u00e3o da Renova\u00e7\u00e3o Carism\u00e1tica&nbsp;Cat\u00f3lica pertencente \u00e0 Par\u00f3quia Santa Rita de C\u00e1ssia na Diocese&nbsp;de Itabuna, sediou o 7\u00ba PHN ( Por hoje n\u00e3o vou mais&nbsp;pecar), neste fim de semana, nos dias 01 e 02 de setembro. O evento aconteceu na&nbsp;quadra poliesportiva do col\u00e9gio CAIC, situado no bairro Jardim Primavera&nbsp;em Itabuna (BA). Na \u00faltima&nbsp;<\/p>\n<p><a class=\"btn btn-style\" href=\"http:\/\/portalcatolico.net\/portal\/itabuna-sedia-pela-setima-vez-o-phn\/\">Continue Reading<\/a><\/p>\n","protected":false},"author":2,"featured_media":58113,"comment_status":"open","ping_status":"open","sticky":false,"template":"","format":"standard","meta":{"footnotes":""},"categories":[65],"tags":[],"class_list":["post-58112","post","type-post","status-publish","format-standard","has-post-thumbnail","hentry","category-entrevistas"],"_links":{"self":[{"href":"http:\/\/portalcatolico.net\/portal\/wp-json\/wp\/v2\/posts\/58112","targetHints":{"allow":["GET"]}}],"collection":[{"href":"http:\/\/portalcatolico.net\/portal\/wp-json\/wp\/v2\/posts"}],"about":[{"href":"http:\/\/portalcatolico.net\/portal\/wp-json\/wp\/v2\/types\/post"}],"author":[{"embeddable":true,"href":"http:\/\/portalcatolico.net\/portal\/wp-json\/wp\/v2\/users\/2"}],"replies":[{"embeddable":true,"href":"http:\/\/portalcatolico.net\/portal\/wp-json\/wp\/v2\/comments?post=58112"}],"version-history":[{"count":1,"href":"http:\/\/portalcatolico.net\/portal\/wp-json\/wp\/v2\/posts\/58112\/revisions"}],"predecessor-version":[{"id":58114,"href":"http:\/\/portalcatolico.net\/portal\/wp-json\/wp\/v2\/posts\/58112\/revisions\/58114"}],"wp:featuredmedia":[{"embeddable":true,"href":"http:\/\/portalcatolico.net\/portal\/wp-json\/wp\/v2\/media\/58113"}],"wp:attachment":[{"href":"http:\/\/portalcatolico.net\/portal\/wp-json\/wp\/v2\/media?parent=58112"}],"wp:term":[{"taxonomy":"category","embeddable":true,"href":"http:\/\/portalcatolico.net\/portal\/wp-json\/wp\/v2\/categories?post=58112"},{"taxonomy":"post_tag","embeddable":true,"href":"http:\/\/portalcatolico.net\/portal\/wp-json\/wp\/v2\/tags?post=58112"}],"curies":[{"name":"wp","href":"https:\/\/api.w.org\/{rel}","templated":true}]}}