{"id":58109,"date":"2018-09-21T11:33:27","date_gmt":"2018-09-21T14:33:27","guid":{"rendered":"http:\/\/portalcatolico.net\/portal\/?p=58109"},"modified":"2018-09-21T21:18:32","modified_gmt":"2018-09-22T00:18:32","slug":"1o-encontro-e-caminhada-de-fe-do-terco-dos-homens-acontece-em-setembro-em-itabuna","status":"publish","type":"post","link":"http:\/\/portalcatolico.net\/portal\/1o-encontro-e-caminhada-de-fe-do-terco-dos-homens-acontece-em-setembro-em-itabuna\/","title":{"rendered":"1\u00ba  Encontro e Caminhada de F\u00e9 do Ter\u00e7o dos Homens acontece em setembro em Itabuna"},"content":{"rendered":"<p style=\"font-weight: 400;\">Homens de toda a regi\u00e3o j\u00e1 podem se preparar para o 1\u00ba&nbsp; Encontro e Caminhada&nbsp;Diocesana do Ter\u00e7o dos Homens. O evento acontecer\u00e1 no dia 23 de setembro na cidade de Itabuna (BA).&nbsp;&nbsp;A concentra\u00e7\u00e3o&nbsp; acontecer\u00e1 a partir das 8h,&nbsp;com sa\u00edda da par\u00f3quia Nossa Senhora de&nbsp;F\u00e1tima (do bairro de F\u00e1tima) e seguir\u00e1 para o Col\u00e9gio Sistema no Centro&nbsp;Comercial da cidade.<\/p>\n<p style=\"font-weight: 400;\">A miss\u00e3o do Ter\u00e7o dos Homens \u00e9 resgatar para o seio&nbsp;da Igreja de Cristo, homens de todas as idades, pois a presen\u00e7a masculina&nbsp;na Igreja \u00e9 imprescind\u00edvel para a forma\u00e7\u00e3o da fam\u00edlia e de uma sociedade&nbsp;<br \/>\ncrist\u00e3.<\/p>\n<p style=\"font-weight: 400;\">Monte a sua caravana e participe!<\/p>\n<p style=\"font-weight: 400;\">Para maiores&nbsp;informa\u00e7\u00f5es, procure a coordena\u00e7\u00e3o de sua par\u00f3quia.<\/p>\n<p>Texto:Portal Cat\u00f3lico.Net<\/p>\n<p>&nbsp;<\/p>\n","protected":false},"excerpt":{"rendered":"<p>Homens de toda a regi\u00e3o j\u00e1 podem se preparar para o 1\u00ba&nbsp; Encontro e Caminhada&nbsp;Diocesana do Ter\u00e7o dos Homens. O evento acontecer\u00e1 no dia 23 de setembro na cidade de Itabuna (BA).&nbsp;&nbsp;A concentra\u00e7\u00e3o&nbsp; acontecer\u00e1 a partir das 8h,&nbsp;com sa\u00edda da par\u00f3quia Nossa Senhora de&nbsp;F\u00e1tima (do bairro de F\u00e1tima) e seguir\u00e1 para o Col\u00e9gio Sistema no&nbsp;<\/p>\n<p><a class=\"btn btn-style\" href=\"http:\/\/portalcatolico.net\/portal\/1o-encontro-e-caminhada-de-fe-do-terco-dos-homens-acontece-em-setembro-em-itabuna\/\">Continue Reading<\/a><\/p>\n","protected":false},"author":2,"featured_media":58415,"comment_status":"open","ping_status":"open","sticky":false,"template":"","format":"standard","meta":{"footnotes":""},"categories":[1],"tags":[],"class_list":["post-58109","post","type-post","status-publish","format-standard","has-post-thumbnail","hentry","category-agenda"],"_links":{"self":[{"href":"http:\/\/portalcatolico.net\/portal\/wp-json\/wp\/v2\/posts\/58109","targetHints":{"allow":["GET"]}}],"collection":[{"href":"http:\/\/portalcatolico.net\/portal\/wp-json\/wp\/v2\/posts"}],"about":[{"href":"http:\/\/portalcatolico.net\/portal\/wp-json\/wp\/v2\/types\/post"}],"author":[{"embeddable":true,"href":"http:\/\/portalcatolico.net\/portal\/wp-json\/wp\/v2\/users\/2"}],"replies":[{"embeddable":true,"href":"http:\/\/portalcatolico.net\/portal\/wp-json\/wp\/v2\/comments?post=58109"}],"version-history":[{"count":4,"href":"http:\/\/portalcatolico.net\/portal\/wp-json\/wp\/v2\/posts\/58109\/revisions"}],"predecessor-version":[{"id":58416,"href":"http:\/\/portalcatolico.net\/portal\/wp-json\/wp\/v2\/posts\/58109\/revisions\/58416"}],"wp:featuredmedia":[{"embeddable":true,"href":"http:\/\/portalcatolico.net\/portal\/wp-json\/wp\/v2\/media\/58415"}],"wp:attachment":[{"href":"http:\/\/portalcatolico.net\/portal\/wp-json\/wp\/v2\/media?parent=58109"}],"wp:term":[{"taxonomy":"category","embeddable":true,"href":"http:\/\/portalcatolico.net\/portal\/wp-json\/wp\/v2\/categories?post=58109"},{"taxonomy":"post_tag","embeddable":true,"href":"http:\/\/portalcatolico.net\/portal\/wp-json\/wp\/v2\/tags?post=58109"}],"curies":[{"name":"wp","href":"https:\/\/api.w.org\/{rel}","templated":true}]}}