{"id":57939,"date":"2018-09-01T18:50:05","date_gmt":"2018-09-01T21:50:05","guid":{"rendered":"http:\/\/portalcatolico.net\/portal\/?p=57939"},"modified":"2018-09-02T18:55:45","modified_gmt":"2018-09-02T21:55:45","slug":"padre-celebra-aniversario-sacerdotal-em-buerarema","status":"publish","type":"post","link":"http:\/\/portalcatolico.net\/portal\/padre-celebra-aniversario-sacerdotal-em-buerarema\/","title":{"rendered":"Padre celebra anivers\u00e1rio sacerdotal em Buerarema"},"content":{"rendered":"<div dir=\"auto\">A comunidade cat\u00f3lica na cidade de Buerarema, no sul da Bahia, se preparou para uma singela e bonita homenagem, para comemorar os 5 anos de ordena\u00e7\u00e3o sacerdotal do p\u00e1roco da Par\u00f3quia Senhora Santana o Pe. Elessandro Feitosa.&nbsp;<\/div>\n<div dir=\"auto\">A Santa Missa aconteceu na noite de sexta-feira, 31 de agosto, \u00e0s 19h.<\/div>\n<div dir=\"auto\">A Celebra\u00e7\u00e3o Eucar\u00edstica foi realizada na igreja antiga de Senhora Sant&#8217;Ana no centro da cidade, com a presid\u00eancia passada pelo Bispo diocesano da Diocese de Itabuna, Dom Carlos dos Santos ao padre Elessandro, em ocasi\u00e3o do anivers\u00e1rio. A concelebra\u00e7\u00e3o foi feita juntamente com os padres, Nicolau Klak (vig\u00e1rio geral da Diocese de Itabuna e p\u00e1roco da par\u00f3quia Nossa Senhora de F\u00e1tima), Gilvan Oliveira Souza (Catedral de S\u00e3o Jos\u00e9) e&nbsp; Pe. Jos\u00e9 Roberto (Par\u00f3quia Nossa Senhora da Concei\u00e7\u00e3o do bairro Ferradas).&nbsp;<\/div>\n<div dir=\"auto\">Em seguida, foi servido no clube da cidade, um coffee break aos presentes.<\/div>\n<div dir=\"auto\">A equipe deste Portal deseja que Maria, m\u00e3e da igreja, plena do Esp\u00edrito Santo,&nbsp; impulsione o padre Elessandro cada vez mais a assumir sua vida sacerdotal.&nbsp;<\/div>\n<div dir=\"auto\">&nbsp;<\/div>\n<div dir=\"auto\">Texto: Anara Passos(Jornalista DRT 7574)<\/div>\n<div dir=\"auto\">Foto:Acervo\/Portal Cat\u00f3lico.Net\/Informa\u00e7\u00f5es:Pascom<\/div>\n","protected":false},"excerpt":{"rendered":"<p>A comunidade cat\u00f3lica na cidade de Buerarema, no sul da Bahia, se preparou para uma singela e bonita homenagem, para comemorar os 5 anos de ordena\u00e7\u00e3o sacerdotal do p\u00e1roco da Par\u00f3quia Senhora Santana o Pe. Elessandro Feitosa.&nbsp; A Santa Missa aconteceu na noite de sexta-feira, 31 de agosto, \u00e0s 19h. A Celebra\u00e7\u00e3o Eucar\u00edstica foi realizada&nbsp;<\/p>\n<p><a class=\"btn btn-style\" href=\"http:\/\/portalcatolico.net\/portal\/padre-celebra-aniversario-sacerdotal-em-buerarema\/\">Continue Reading<\/a><\/p>\n","protected":false},"author":2,"featured_media":57940,"comment_status":"open","ping_status":"open","sticky":false,"template":"","format":"standard","meta":{"footnotes":""},"categories":[4],"tags":[],"class_list":["post-57939","post","type-post","status-publish","format-standard","has-post-thumbnail","hentry","category-destaques"],"_links":{"self":[{"href":"http:\/\/portalcatolico.net\/portal\/wp-json\/wp\/v2\/posts\/57939","targetHints":{"allow":["GET"]}}],"collection":[{"href":"http:\/\/portalcatolico.net\/portal\/wp-json\/wp\/v2\/posts"}],"about":[{"href":"http:\/\/portalcatolico.net\/portal\/wp-json\/wp\/v2\/types\/post"}],"author":[{"embeddable":true,"href":"http:\/\/portalcatolico.net\/portal\/wp-json\/wp\/v2\/users\/2"}],"replies":[{"embeddable":true,"href":"http:\/\/portalcatolico.net\/portal\/wp-json\/wp\/v2\/comments?post=57939"}],"version-history":[{"count":2,"href":"http:\/\/portalcatolico.net\/portal\/wp-json\/wp\/v2\/posts\/57939\/revisions"}],"predecessor-version":[{"id":57942,"href":"http:\/\/portalcatolico.net\/portal\/wp-json\/wp\/v2\/posts\/57939\/revisions\/57942"}],"wp:featuredmedia":[{"embeddable":true,"href":"http:\/\/portalcatolico.net\/portal\/wp-json\/wp\/v2\/media\/57940"}],"wp:attachment":[{"href":"http:\/\/portalcatolico.net\/portal\/wp-json\/wp\/v2\/media?parent=57939"}],"wp:term":[{"taxonomy":"category","embeddable":true,"href":"http:\/\/portalcatolico.net\/portal\/wp-json\/wp\/v2\/categories?post=57939"},{"taxonomy":"post_tag","embeddable":true,"href":"http:\/\/portalcatolico.net\/portal\/wp-json\/wp\/v2\/tags?post=57939"}],"curies":[{"name":"wp","href":"https:\/\/api.w.org\/{rel}","templated":true}]}}