{"id":57936,"date":"2018-09-03T00:13:00","date_gmt":"2018-09-03T03:13:00","guid":{"rendered":"http:\/\/portalcatolico.net\/portal\/?p=57936"},"modified":"2018-09-02T07:13:47","modified_gmt":"2018-09-02T10:13:47","slug":"1a-romaria-a-nossa-senhora-da-salette-em-curitiba-pr","status":"publish","type":"post","link":"http:\/\/portalcatolico.net\/portal\/1a-romaria-a-nossa-senhora-da-salette-em-curitiba-pr\/","title":{"rendered":"1\u00aa Romaria a Nossa Senhora da Salette em Curitiba &#8211; PR"},"content":{"rendered":"<p>Em setembro, Curitiba se transforma na cidade do Romeiro com a 1\u00aa Romaria da Salete nesta cidade, que com o tema:&nbsp;<strong><em>SALETTE, ENSINA-NOS A VIVER A RECONCILIA\u00c7\u00c3O E A PAZ<\/em><\/strong>. O evento religioso une a devo\u00e7\u00e3o e a esperan\u00e7a de milhares de romeiros, al\u00e9m de caravanas vindas de outras Par\u00f3quias da Arquidiocese e da diocese de S\u00e3o Jos\u00e9 dos Pinhais &#8211; PR. Essa grande Romaria acontecer\u00e1 sempre no terceiro domingo do m\u00eas, que este ano cai no dia 16 de setembro.<\/p>\n<p>A programa\u00e7\u00e3o para o dia come\u00e7a cedo, com a concentra\u00e7\u00e3o dos Romeiros, na Pra\u00e7a Nossa Senhora da Salette no Centro C\u00edvico da cidade \u00e0s 06h30, em seguida \u00e0s 7h00 a caminhada rumo ao Santu\u00e1rio e na chegada Missa Festiva. Os Mission\u00e1rios de Nossa Senhora da Salette est\u00e3o ainda preparando um lindo trajeto para atender os peregrinos.Informa\u00e7\u00f5es do site:Portal Salette<\/p>\n","protected":false},"excerpt":{"rendered":"<p>Em setembro, Curitiba se transforma na cidade do Romeiro com a 1\u00aa Romaria da Salete nesta cidade, que com o tema:&nbsp;SALETTE, ENSINA-NOS A VIVER A RECONCILIA\u00c7\u00c3O E A PAZ. O evento religioso une a devo\u00e7\u00e3o e a esperan\u00e7a de milhares de romeiros, al\u00e9m de caravanas vindas de outras Par\u00f3quias da Arquidiocese e da diocese de&nbsp;<\/p>\n<p><a class=\"btn btn-style\" href=\"http:\/\/portalcatolico.net\/portal\/1a-romaria-a-nossa-senhora-da-salette-em-curitiba-pr\/\">Continue Reading<\/a><\/p>\n","protected":false},"author":2,"featured_media":57937,"comment_status":"open","ping_status":"open","sticky":false,"template":"","format":"standard","meta":{"footnotes":""},"categories":[3],"tags":[],"class_list":["post-57936","post","type-post","status-publish","format-standard","has-post-thumbnail","hentry","category-noticias_regionais"],"_links":{"self":[{"href":"http:\/\/portalcatolico.net\/portal\/wp-json\/wp\/v2\/posts\/57936","targetHints":{"allow":["GET"]}}],"collection":[{"href":"http:\/\/portalcatolico.net\/portal\/wp-json\/wp\/v2\/posts"}],"about":[{"href":"http:\/\/portalcatolico.net\/portal\/wp-json\/wp\/v2\/types\/post"}],"author":[{"embeddable":true,"href":"http:\/\/portalcatolico.net\/portal\/wp-json\/wp\/v2\/users\/2"}],"replies":[{"embeddable":true,"href":"http:\/\/portalcatolico.net\/portal\/wp-json\/wp\/v2\/comments?post=57936"}],"version-history":[{"count":1,"href":"http:\/\/portalcatolico.net\/portal\/wp-json\/wp\/v2\/posts\/57936\/revisions"}],"predecessor-version":[{"id":57938,"href":"http:\/\/portalcatolico.net\/portal\/wp-json\/wp\/v2\/posts\/57936\/revisions\/57938"}],"wp:featuredmedia":[{"embeddable":true,"href":"http:\/\/portalcatolico.net\/portal\/wp-json\/wp\/v2\/media\/57937"}],"wp:attachment":[{"href":"http:\/\/portalcatolico.net\/portal\/wp-json\/wp\/v2\/media?parent=57936"}],"wp:term":[{"taxonomy":"category","embeddable":true,"href":"http:\/\/portalcatolico.net\/portal\/wp-json\/wp\/v2\/categories?post=57936"},{"taxonomy":"post_tag","embeddable":true,"href":"http:\/\/portalcatolico.net\/portal\/wp-json\/wp\/v2\/tags?post=57936"}],"curies":[{"name":"wp","href":"https:\/\/api.w.org\/{rel}","templated":true}]}}