{"id":57933,"date":"2018-09-02T06:32:42","date_gmt":"2018-09-02T09:32:42","guid":{"rendered":"http:\/\/portalcatolico.net\/portal\/?p=57933"},"modified":"2018-09-02T06:32:59","modified_gmt":"2018-09-02T09:32:59","slug":"a-jovem-martir-eslovaca-ana-kolesarova-e-beata","status":"publish","type":"post","link":"http:\/\/portalcatolico.net\/portal\/a-jovem-martir-eslovaca-ana-kolesarova-e-beata\/","title":{"rendered":"A jovem m\u00e1rtir eslovaca Ana Koles\u00e1rov\u00e1 \u00e9 Beata"},"content":{"rendered":"<div class=\"article__subTitle\">Cardeal Angelo Becciu presidiu sua primeira cerim\u00f4nia de beatifica\u00e7\u00e3o na manh\u00e3 deste s\u00e1bado em Bratislava, Eslov\u00e1quia. A jovem Ana Koles\u00e1rov\u00e1, conhecida como nova Maria Goretti, \u00e9 a primeira leiga beata do pa\u00eds.<\/div>\n<div class=\"article__text\">\n<p>O Cardeal Angelo Becciu presidiu na manh\u00e3 deste s\u00e1bado (01\/9) no est\u00e1dio Lokomotiva, em Bratislava, capital da Eslov\u00e1quia, ao rito de Beatifica\u00e7\u00e3o de&nbsp;<b>Ana Koles\u00e1rov\u00e1<\/b>, uma jovem eslovaca, que, como Santa Maria Goretti, morreu m\u00e1rtir para defender a sua pureza e castidade.<\/p>\n<p>Esta foi a primeira beatifica\u00e7\u00e3o que o Cardeal Becciu preside desde que foi nomeado em agosto pelo Papa Francisco como Prefeito da Congrega\u00e7\u00e3o das Causas dos Santos, em substitui\u00e7\u00e3o ao Cardeal Angelo Amato.<\/p>\n<p>Ao falar ao Vatican News antes de viajar \u00e0 Eslov\u00e1quia, o purpurado afirmou que a mensagem que&nbsp;Ana Koles\u00e1rov\u00e1 deixa, \u00e9 uma mensagem &#8220;totalmente contra a corrente; uma jovem de 16 anos que tem a for\u00e7a para se opor \u00e0 brutalidade de um militar sovi\u00e9tico que queria abusar dela. Ela se recusa, n\u00e3o apenas por um simples instinto de defesa, mas pela cren\u00e7a de que ela tinha que se manter pura e casta. Em um mundo em que se ri destes valores, \u00e9 uma mensagem bel\u00edssima.&#8221;<\/p>\n<p><strong>Quem \u00e9 a nova Beata<\/strong>Ana Koles\u00e1rov\u00e1 nasceu na cidade de Vysok\u00e1 nad Uhom, Eslov\u00e1quia, em 14 de julho de 1928, em uma fam\u00edlia de agricultores. Sua m\u00e3e faleceu quando tinha dez anos. A menina adquiriu a fortaleza de Deus e aprendeu a fazer as tarefas de sua casa.<\/p>\n<p>Ana contou com o apoio dos seus amigos e familiares, com os quais se dava bem, e se distinguia pelo seu lindo sorriso.<\/p>\n<p>Ao crescer, sua beleza acompanhava a sua vida pura: al\u00e9m dos afazeres de casa, organizava peregrina\u00e7\u00f5es marianas com suas amigas, cuidava dos animais e gostava de colocar em sua cabe\u00e7a uma coroa com dentes de le\u00e3o.<\/p>\n<p>Em 1944, o flagelo da Segunda Guerra Mundial atingiu a vida simples e alegre do seu povoado. Ana, que ainda n\u00e3o tinha 16 anos, come\u00e7ou a usar roupas pretas. Certo dia, um vizinho lhe perguntou o motivo e ela respondeu: &#8220;Tenho medo que os soldados vejam que sou jovem&#8221;.<\/p>\n<p>Na noite anterior \u00e0 sua morte, Ana foi \u00e0 Missa para se fortalecer com a Eucaristia. Em 22 de novembro de 1944, os soldados chegaram para libertar a regi\u00e3o, mas se comportavam como animais, enquanto davam a ca\u00e7a ao inimigo.<\/p>\n<p>Um deles entrou na casa da fam\u00edlia Koles\u00e1rov\u00e1, cujos membros e outros moradores estavam escondidos no por\u00e3o. O pai achou que o soldado estava com fome e pediu a Ana que lhe desse algo para comer. A menina obedeceu, mas o soldado percebeu logo que, sob aquele manto escuro, n\u00e3o estava uma pessoa adulta, mas uma menina jovem. Linda e pura.<\/p>\n<p>Ent\u00e3o o homem come\u00e7ou a pronunciar palavras obscenas e lhe disse: &#8220;Entregue-se ou morrer\u00e1 imediatamente&#8221;.<\/p>\n<p>A menina se negou, porque n\u00e3o queria cometer pecado. O soldado cheio de raiva apontou a arma para ela e gritou: &#8220;Diga adeus ao seu pai&#8221;! Enquanto seu pai rezava, ouviu o grito da sua filha: &#8220;Adeus pai! Jesus, Maria, Jos\u00e9\u201d! Ana faleceu no dia 24 de novembro de 1944, com a idade de 16 anos.<\/p>\n<p>No dia seguinte, os habitantes do povoado constru\u00edram um caix\u00e3o para colocar o cad\u00e1ver da jovem m\u00e1rtir. Ela foi enterrada de noite, sem a presen\u00e7a de um sacerdote e nenhuma cerim\u00f4nia f\u00fanebre.<\/p>\n<p>O sacerdote jesu\u00edta Michal Potock\u00fd, natural do povoado de Vysok\u00e1, reuniu testemunhos sobre a vida e a morte de Ana. Ap\u00f3s a queda da Uni\u00e3o Sovi\u00e9tica, os fi\u00e9is come\u00e7aram a fazer peregrina\u00e7\u00f5es ao seu t\u00famulo. (Vatican Midia)<\/p>\n<p>Por Manoel Tavares<\/p>\n<p>&nbsp;<\/p>\n<\/div>\n","protected":false},"excerpt":{"rendered":"<p>Cardeal Angelo Becciu presidiu sua primeira cerim\u00f4nia de beatifica\u00e7\u00e3o na manh\u00e3 deste s\u00e1bado em Bratislava, Eslov\u00e1quia. A jovem Ana Koles\u00e1rov\u00e1, conhecida como nova Maria Goretti, \u00e9 a primeira leiga beata do pa\u00eds. O Cardeal Angelo Becciu presidiu na manh\u00e3 deste s\u00e1bado (01\/9) no est\u00e1dio Lokomotiva, em Bratislava, capital da Eslov\u00e1quia, ao rito de Beatifica\u00e7\u00e3o de&nbsp;Ana&nbsp;<\/p>\n<p><a class=\"btn btn-style\" href=\"http:\/\/portalcatolico.net\/portal\/a-jovem-martir-eslovaca-ana-kolesarova-e-beata\/\">Continue Reading<\/a><\/p>\n","protected":false},"author":2,"featured_media":57934,"comment_status":"open","ping_status":"open","sticky":false,"template":"","format":"standard","meta":{"footnotes":""},"categories":[5],"tags":[],"class_list":["post-57933","post","type-post","status-publish","format-standard","has-post-thumbnail","hentry","category-igreja_no_mundo"],"_links":{"self":[{"href":"http:\/\/portalcatolico.net\/portal\/wp-json\/wp\/v2\/posts\/57933","targetHints":{"allow":["GET"]}}],"collection":[{"href":"http:\/\/portalcatolico.net\/portal\/wp-json\/wp\/v2\/posts"}],"about":[{"href":"http:\/\/portalcatolico.net\/portal\/wp-json\/wp\/v2\/types\/post"}],"author":[{"embeddable":true,"href":"http:\/\/portalcatolico.net\/portal\/wp-json\/wp\/v2\/users\/2"}],"replies":[{"embeddable":true,"href":"http:\/\/portalcatolico.net\/portal\/wp-json\/wp\/v2\/comments?post=57933"}],"version-history":[{"count":1,"href":"http:\/\/portalcatolico.net\/portal\/wp-json\/wp\/v2\/posts\/57933\/revisions"}],"predecessor-version":[{"id":57935,"href":"http:\/\/portalcatolico.net\/portal\/wp-json\/wp\/v2\/posts\/57933\/revisions\/57935"}],"wp:featuredmedia":[{"embeddable":true,"href":"http:\/\/portalcatolico.net\/portal\/wp-json\/wp\/v2\/media\/57934"}],"wp:attachment":[{"href":"http:\/\/portalcatolico.net\/portal\/wp-json\/wp\/v2\/media?parent=57933"}],"wp:term":[{"taxonomy":"category","embeddable":true,"href":"http:\/\/portalcatolico.net\/portal\/wp-json\/wp\/v2\/categories?post=57933"},{"taxonomy":"post_tag","embeddable":true,"href":"http:\/\/portalcatolico.net\/portal\/wp-json\/wp\/v2\/tags?post=57933"}],"curies":[{"name":"wp","href":"https:\/\/api.w.org\/{rel}","templated":true}]}}