{"id":57930,"date":"2018-09-02T06:24:35","date_gmt":"2018-09-02T09:24:35","guid":{"rendered":"http:\/\/portalcatolico.net\/portal\/?p=57930"},"modified":"2018-09-02T06:24:35","modified_gmt":"2018-09-02T09:24:35","slug":"caritas-brasileira-prepara-intercambio-nacional-de-juventudes-em-salvador","status":"publish","type":"post","link":"http:\/\/portalcatolico.net\/portal\/caritas-brasileira-prepara-intercambio-nacional-de-juventudes-em-salvador\/","title":{"rendered":"C\u00e1ritas Brasileira prepara Interc\u00e2mbio Nacional de Juventudes em Salvador"},"content":{"rendered":"<p>\u00c9 sob a vibra\u00e7\u00e3o das batidas marcantes da percuss\u00e3o que toma as ruas do Pelourinho, em Salvador, que as juventudes do Brasil v\u00e3o poder compartilhar experi\u00eancias, al\u00e9m de afirmar os sonhos e as lutas por mais oportunidades e direitos.<\/p>\n<p>O Interc\u00e2mbio Nacional das Juventudes traz um tema propositivo e alinhado com os desafios que jovens e adolescentes enfrentam no presente e com os sonhos que alimentam para um futuro pr\u00f3ximo. \u201cConstruindo o Bem Viver: Escutar os clamores, partilhar a resist\u00eancia\u201d.<\/p>\n<p>O Interc\u00e2mbio que vai reunir mais de 60 jovens de todo o Brasil faz parte da agenda do Programa Inf\u00e2ncia, Adolesc\u00eancia e Juventudes (PIAJ) e vai se realizar de 13 a 16 de setembro, em Salvador (BA).<\/p>\n<p><strong>Menos viola\u00e7\u00f5es<\/strong><\/p>\n<p>Todos os principais indicadores sociais e econ\u00f4micos revelam a situa\u00e7\u00e3o de vulnerabilidade e aus\u00eancia de oportunidades positivas no cotidiano da popula\u00e7\u00e3o de jovens e adolescentes no Brasil.<\/p>\n<p>De acordo com dados do estudo&nbsp;<a href=\"http:\/\/www.forumseguranca.org.br\/wp-content\/uploads\/2018\/06\/FBSP_Atlas_da_Violencia_2018_Relatorio.pdf\">Atlas da Viol\u00eancia 2018<\/a>, do total de 22.918 casos de estupro registrados pelo sistema de sa\u00fade em 2016, 50,9% foram cometidos contra crian\u00e7as de at\u00e9 13 anos. As adolescentes de 14 a 17 representam 17% das v\u00edtimas.&nbsp;<\/p>\n<p>Ainda no mesmo Atlas, l\u00ea-se: \u201cA vitimiza\u00e7\u00e3o por homic\u00eddio de jovens (15 a 29 anos) no pa\u00eds \u00e9 fen\u00f4meno denunciado ao longo das \u00faltimas d\u00e9cadas, mas que permanece sem a devida resposta em termos de pol\u00edticas p\u00fablicas que efetivamente venham a enfrentar o problema. Os jovens, sobretudo os homens, seguem prematuramente perdendo as suas vidas. No pa\u00eds, 33.590 jovens foram assassinados em 2016, sendo 94,6% do sexo masculino. Voltamos a ter crescimento do n\u00famero de jovens mortos violentamente\u201d.<\/p>\n<p>Os dados divulgados pelo Instituto de Pesquisa Econ\u00f4mica Aplicada (Ipea) e pelo F\u00f3rum Brasileiro de Seguran\u00e7a P\u00fablica (FBSP) no Atlas da Viol\u00eancia 2018 dizem respeito ao per\u00edodo de 2006 a 2016.<\/p>\n<p>De acordo com o assessor nacional da C\u00e1ritas Brasileira, Leon Souza, que coordena o Programa Inf\u00e2ncia, Adolesc\u00eancia e Juventudes (PIAJ), o momento expressa o olhar atento e confiante da C\u00e1ritas a respeito da participa\u00e7\u00e3o e autonomia das juventudes. \u201cVamos refletir sobre os clamores juvenis, partilhar experi\u00eancias de enfrentamento \u00e0 viola\u00e7\u00e3o de direitos e a constru\u00e7\u00e3o de uma cultura de cuidado e respeito com os adolescentes e jovens em diferentes territ\u00f3rios. Queremos, ainda, relacionar os clamores e as resist\u00eancias com a profunda necessidade que temos de novidades democr\u00e1ticas, pol\u00edticas e pastorais para nossa atua\u00e7\u00e3o. Nesse sentido, assumimos, junto com toda Rede C\u00e1ritas, o Bem Viver como possibilidade de imaginar outras formas de ser e estar no mundo\u201d, afirma.<\/p>\n<p><strong>Mais Bem Viver<\/strong><\/p>\n<p>A promo\u00e7\u00e3o e o fortalecimento da constru\u00e7\u00e3o da sociedade do Bem Viver entre as juventudes \u00e9 uma das prioridades do PIAJ, toda a din\u00e2mica das viv\u00eancias do Interc\u00e2mbio Nacional est\u00e1 pautada na l\u00f3gica da valoriza\u00e7\u00e3o da diversidade das experi\u00eancias culturais, das potencialidades sociais e a\u00e7\u00e3o transformadora das juventudes.<\/p>\n<p>O assessor nacional da C\u00e1ritas Brasileira destaca o que est\u00e1 sendo preparado para os dias de Interc\u00e2mbio: \u201cNossa programa\u00e7\u00e3o ter\u00e1 in\u00edcio no dia 13 de setembro com uma linda celebra\u00e7\u00e3o de acolhida. Logo em seguida vamos conversar sobre os clamores de tantas e tantos, jovens, do campo e da cidade, dos rios e dos mares, das florestas e das serras. E pra fechar esse dia, vamos j\u00e1 aquecendo os talentos com o&nbsp;<em>Sarau do Bem Viver.<\/em>&nbsp;Na sexta-feira, 14 de setembro, teremos oficinas tem\u00e1ticas, plen\u00e1rias, cirandas e a comemora\u00e7\u00e3o dos 30 anos da C\u00e1ritas Brasileira Regional Nordeste 3. Uma festa bem baiana, cheia de amor e ax\u00e9! No s\u00e1bado, 15 de setembro, visitaremos o Movimento de \u00c1guas Claras, onde a C\u00e1ritas desenvolve atividades com crian\u00e7as e adolescentes. Ser\u00e1 um tempo de partilhar as resist\u00eancias!\u201d, afirma Leon Souza.<\/p>\n<p><strong>Bahia de todas as juventudes<\/strong><\/p>\n<p>A capital baiana ser\u00e1 a casa das juventudes durante o Interc\u00e2mbio Nacional. O territ\u00f3rio marcado por tantas lutas de resist\u00eancia, de tantos povos, ser\u00e1 o lugar da beleza, da pluralidade de sotaques, das cores, dos encontros e da intensidade pr\u00f3pria de quem convive com as descobertas e potencialidades da juventude.<\/p>\n<div id=\"attachment_39959\" class=\"wp-caption aligncenter\" style=\"width: 701px;\"><a href=\"http:\/\/caritas.org.br\/caritas-brasileira-prepara-intercambio-nacional-de-juventudes-em-salvador\/39949\/igreja-e-convento-sao-francisco-3\" rel=\"attachment wp-att-39959\"><img loading=\"lazy\" decoding=\"async\" class=\"wp-image-39959\" src=\"http:\/\/caritas.org.br\/wp-content\/uploads\/2018\/08\/Igreja-e-Convento-S%C3%A3o-Francisco-3.jpg\" sizes=\"auto, (max-width: 665px) 100vw, 665px\" srcset=\"http:\/\/caritas.org.br\/wp-content\/uploads\/2018\/08\/Igreja-e-Convento-S\u00e3o-Francisco-3.jpg 800w, http:\/\/caritas.org.br\/wp-content\/uploads\/2018\/08\/Igreja-e-Convento-S\u00e3o-Francisco-3-300x200.jpg 300w, http:\/\/caritas.org.br\/wp-content\/uploads\/2018\/08\/Igreja-e-Convento-S\u00e3o-Francisco-3-768x512.jpg 768w, http:\/\/caritas.org.br\/wp-content\/uploads\/2018\/08\/Igreja-e-Convento-S\u00e3o-Francisco-3-660x440.jpg 660w\" alt=\"\" width=\"701\" height=\"467\"><\/a><\/p>\n<p class=\"wp-caption-text\">A Igreja e Convento de S\u00e3o Francisco foram erguidos entre os s\u00e9culos XVII e XVIII e s\u00e3o consideradas uma das mais singulares e ricas express\u00f5es do Barroco brasileiro.<\/p>\n<\/div>\n<p>O grupo ser\u00e1 acolhido pela&nbsp;<a href=\"http:\/\/ne3.caritas.org.br\/\">C\u00e1ritas Brasileira Regional Nordeste 3<\/a>&nbsp;(Bahia e Sergipe), no local onde pulsa a hist\u00f3ria e o testemunho franciscano e das comunidades negras, o Convento S\u00e3o Francisco, no Largo do Cruzeiro de S\u00e3o Francisco, cora\u00e7\u00e3o do Pelourinho, patrim\u00f4nio da humanidade.<\/p>\n<p><em>Por Jucelene Rocha<\/em><br \/>\n<em>Rede de comunicadores\/as da C\u00e1ritas Brasileira<\/em><\/p>\n","protected":false},"excerpt":{"rendered":"<p>\u00c9 sob a vibra\u00e7\u00e3o das batidas marcantes da percuss\u00e3o que toma as ruas do Pelourinho, em Salvador, que as juventudes do Brasil v\u00e3o poder compartilhar experi\u00eancias, al\u00e9m de afirmar os sonhos e as lutas por mais oportunidades e direitos. O Interc\u00e2mbio Nacional das Juventudes traz um tema propositivo e alinhado com os desafios que jovens&nbsp;<\/p>\n<p><a class=\"btn btn-style\" href=\"http:\/\/portalcatolico.net\/portal\/caritas-brasileira-prepara-intercambio-nacional-de-juventudes-em-salvador\/\">Continue Reading<\/a><\/p>\n","protected":false},"author":2,"featured_media":57931,"comment_status":"open","ping_status":"open","sticky":false,"template":"","format":"standard","meta":{"footnotes":""},"categories":[69],"tags":[],"class_list":["post-57930","post","type-post","status-publish","format-standard","has-post-thumbnail","hentry","category-artigos"],"_links":{"self":[{"href":"http:\/\/portalcatolico.net\/portal\/wp-json\/wp\/v2\/posts\/57930","targetHints":{"allow":["GET"]}}],"collection":[{"href":"http:\/\/portalcatolico.net\/portal\/wp-json\/wp\/v2\/posts"}],"about":[{"href":"http:\/\/portalcatolico.net\/portal\/wp-json\/wp\/v2\/types\/post"}],"author":[{"embeddable":true,"href":"http:\/\/portalcatolico.net\/portal\/wp-json\/wp\/v2\/users\/2"}],"replies":[{"embeddable":true,"href":"http:\/\/portalcatolico.net\/portal\/wp-json\/wp\/v2\/comments?post=57930"}],"version-history":[{"count":1,"href":"http:\/\/portalcatolico.net\/portal\/wp-json\/wp\/v2\/posts\/57930\/revisions"}],"predecessor-version":[{"id":57932,"href":"http:\/\/portalcatolico.net\/portal\/wp-json\/wp\/v2\/posts\/57930\/revisions\/57932"}],"wp:featuredmedia":[{"embeddable":true,"href":"http:\/\/portalcatolico.net\/portal\/wp-json\/wp\/v2\/media\/57931"}],"wp:attachment":[{"href":"http:\/\/portalcatolico.net\/portal\/wp-json\/wp\/v2\/media?parent=57930"}],"wp:term":[{"taxonomy":"category","embeddable":true,"href":"http:\/\/portalcatolico.net\/portal\/wp-json\/wp\/v2\/categories?post=57930"},{"taxonomy":"post_tag","embeddable":true,"href":"http:\/\/portalcatolico.net\/portal\/wp-json\/wp\/v2\/tags?post=57930"}],"curies":[{"name":"wp","href":"https:\/\/api.w.org\/{rel}","templated":true}]}}