{"id":57924,"date":"2018-09-01T00:00:10","date_gmt":"2018-09-01T03:00:10","guid":{"rendered":"http:\/\/portalcatolico.net\/portal\/?p=57924"},"modified":"2018-08-31T21:00:48","modified_gmt":"2018-09-01T00:00:48","slug":"bispos-do-regional-ne-3-da-cnbb-manifestam-apoio-ao-papa-francisco","status":"publish","type":"post","link":"http:\/\/portalcatolico.net\/portal\/bispos-do-regional-ne-3-da-cnbb-manifestam-apoio-ao-papa-francisco\/","title":{"rendered":"Bispos do Regional NE 3 da CNBB manifestam apoio ao Papa Francisco"},"content":{"rendered":"<p>Uma carta divulgada hoje (30) ser\u00e1 enviada ao Sumo Pontif\u00edcie.<\/p>\n<p>Os Bispos do Regional Nordeste 3, manifestaram solidariedade ao Papa Francisco atrav\u00e9s de uma carta divulgada hoje (30), ap\u00f3s o encerramento da Assembleia de Pastoral.&nbsp; A iniciativa&nbsp; dos Bispos da Bahia e de Sergipe integra as diversas manifesta\u00e7\u00f5es de apoio ao Papa ap\u00f3s a publica\u00e7\u00e3o do documento do arcebispo Carlo Maria Vigan\u00f2, ex-n\u00fancio apost\u00f3lico nos EUA, que acusa o Santo Padre e alguns purpurados de ter acobertado o caso do cardeal Theodore McCarrick. Acusado de abusos contra menores, em 27 de julho o Papa aceitou a ren\u00fancia do purpurado ao t\u00edtulo de cardeal e disp\u00f4s a suspens\u00e3o do mesmo de qualquer minist\u00e9rio p\u00fablico. No texto, os bispos manifestam a unidade e a solidariedade ao pont\u00edfice. \u201cTemos consci\u00eancia de que a Igreja vive um momento particularmente doloroso e dif\u00edcil. Se isso aflige o nosso cora\u00e7\u00e3o de pastores de Igrejas Particulares, imaginamos quanto o faz sofrer, diante da responsabilidade que recebeu de Jesus Cristo como continuador da miss\u00e3o de Pedro, de confirmar todos os seus irm\u00e3os na f\u00e9\u201d, diz um trecho da carta.<\/p>\n<p>Leia, abaixo, a \u00edntegra do texto:<\/p>\n<p><img loading=\"lazy\" decoding=\"async\" class=\"wp-image-57925 aligncenter\" src=\"http:\/\/portalcatolico.net\/portal\/wp-content\/uploads\/2018\/08\/CNBB-Regional-III-1-212x300.jpg\" alt=\"\" width=\"737\" height=\"1043\" srcset=\"http:\/\/portalcatolico.net\/portal\/wp-content\/uploads\/2018\/08\/CNBB-Regional-III-1-212x300.jpg 212w, http:\/\/portalcatolico.net\/portal\/wp-content\/uploads\/2018\/08\/CNBB-Regional-III-1-768x1086.jpg 768w, http:\/\/portalcatolico.net\/portal\/wp-content\/uploads\/2018\/08\/CNBB-Regional-III-1-724x1024.jpg 724w, http:\/\/portalcatolico.net\/portal\/wp-content\/uploads\/2018\/08\/CNBB-Regional-III-1.jpg 1654w\" sizes=\"auto, (max-width: 737px) 100vw, 737px\" \/> <img loading=\"lazy\" decoding=\"async\" class=\"wp-image-57926 aligncenter\" src=\"http:\/\/portalcatolico.net\/portal\/wp-content\/uploads\/2018\/08\/CNBB-Regional-III-2-212x300.jpg\" alt=\"\" width=\"733\" height=\"1037\" srcset=\"http:\/\/portalcatolico.net\/portal\/wp-content\/uploads\/2018\/08\/CNBB-Regional-III-2-212x300.jpg 212w, http:\/\/portalcatolico.net\/portal\/wp-content\/uploads\/2018\/08\/CNBB-Regional-III-2-768x1086.jpg 768w, http:\/\/portalcatolico.net\/portal\/wp-content\/uploads\/2018\/08\/CNBB-Regional-III-2-724x1024.jpg 724w, http:\/\/portalcatolico.net\/portal\/wp-content\/uploads\/2018\/08\/CNBB-Regional-III-2.jpg 1654w\" sizes=\"auto, (max-width: 733px) 100vw, 733px\" \/><\/p>\n<p>Fonte:CNBBNE3<\/p>\n","protected":false},"excerpt":{"rendered":"<p>Uma carta divulgada hoje (30) ser\u00e1 enviada ao Sumo Pontif\u00edcie. Os Bispos do Regional Nordeste 3, manifestaram solidariedade ao Papa Francisco atrav\u00e9s de uma carta divulgada hoje (30), ap\u00f3s o encerramento da Assembleia de Pastoral.&nbsp; A iniciativa&nbsp; dos Bispos da Bahia e de Sergipe integra as diversas manifesta\u00e7\u00f5es de apoio ao Papa ap\u00f3s a publica\u00e7\u00e3o&nbsp;<\/p>\n<p><a class=\"btn btn-style\" href=\"http:\/\/portalcatolico.net\/portal\/bispos-do-regional-ne-3-da-cnbb-manifestam-apoio-ao-papa-francisco\/\">Continue Reading<\/a><\/p>\n","protected":false},"author":2,"featured_media":57927,"comment_status":"open","ping_status":"open","sticky":false,"template":"","format":"standard","meta":{"footnotes":""},"categories":[3],"tags":[],"class_list":["post-57924","post","type-post","status-publish","format-standard","has-post-thumbnail","hentry","category-noticias_regionais"],"_links":{"self":[{"href":"http:\/\/portalcatolico.net\/portal\/wp-json\/wp\/v2\/posts\/57924","targetHints":{"allow":["GET"]}}],"collection":[{"href":"http:\/\/portalcatolico.net\/portal\/wp-json\/wp\/v2\/posts"}],"about":[{"href":"http:\/\/portalcatolico.net\/portal\/wp-json\/wp\/v2\/types\/post"}],"author":[{"embeddable":true,"href":"http:\/\/portalcatolico.net\/portal\/wp-json\/wp\/v2\/users\/2"}],"replies":[{"embeddable":true,"href":"http:\/\/portalcatolico.net\/portal\/wp-json\/wp\/v2\/comments?post=57924"}],"version-history":[{"count":1,"href":"http:\/\/portalcatolico.net\/portal\/wp-json\/wp\/v2\/posts\/57924\/revisions"}],"predecessor-version":[{"id":57928,"href":"http:\/\/portalcatolico.net\/portal\/wp-json\/wp\/v2\/posts\/57924\/revisions\/57928"}],"wp:featuredmedia":[{"embeddable":true,"href":"http:\/\/portalcatolico.net\/portal\/wp-json\/wp\/v2\/media\/57927"}],"wp:attachment":[{"href":"http:\/\/portalcatolico.net\/portal\/wp-json\/wp\/v2\/media?parent=57924"}],"wp:term":[{"taxonomy":"category","embeddable":true,"href":"http:\/\/portalcatolico.net\/portal\/wp-json\/wp\/v2\/categories?post=57924"},{"taxonomy":"post_tag","embeddable":true,"href":"http:\/\/portalcatolico.net\/portal\/wp-json\/wp\/v2\/tags?post=57924"}],"curies":[{"name":"wp","href":"https:\/\/api.w.org\/{rel}","templated":true}]}}