{"id":57921,"date":"2018-08-31T16:30:13","date_gmt":"2018-08-31T19:30:13","guid":{"rendered":"http:\/\/portalcatolico.net\/portal\/?p=57921"},"modified":"2018-08-31T20:31:58","modified_gmt":"2018-08-31T23:31:58","slug":"papa-recebe-participantes-do-capitulo-geral-dos-josefinos","status":"publish","type":"post","link":"http:\/\/portalcatolico.net\/portal\/papa-recebe-participantes-do-capitulo-geral-dos-josefinos\/","title":{"rendered":"Papa recebe participantes do Cap\u00edtulo Geral dos Josefinos"},"content":{"rendered":"<p>O Papa encorajou os Padres Capitulares Josefinos a viver e a trabalhar na Igreja e no mundo com as virtudes de S\u00e3o Jos\u00e9: humildade, intimidade com o Senhor, sil\u00eancio e escondimento, zelo apost\u00f3lico.<\/p>\n<p>O Santo Padre recebeu, na manh\u00e3 desta sexta-feira na Sala do Consist\u00f3rio, no Vaticano, 50 participantes no Cap\u00edtulo Geral da Congrega\u00e7\u00e3o dos Oblatos de S\u00e3o Jos\u00e9 de Asti, conhecidos como Josefinos.<\/p>\n<p>O Papa iniciou seu discurso aos Padres Capitulares dirigindo uma sauda\u00e7\u00e3o especial ao novo Superior Geral, Padre Jan Pelczarski, e aos seus Conselheiros, aos quais fez suas felicita\u00e7\u00f5es pela nova miss\u00e3o:<\/p>\n<p>\u201c<i>A miss\u00e3o transmitida a voc\u00eas pelo fundador, S\u00e3o Jos\u00e9 Marello, expressa seu carisma peculiar de reproduzir, na vida e no apostolado, o ideal de servi\u00e7o como o fez S\u00e3o Jos\u00e9 em Nazar\u00e9, partindo da imita\u00e7\u00e3o do seu estilo de vida discreto, humilde e trabalhador<\/i>\u201d.<\/p>\n<p>S\u00e3o Jos\u00e9, disse ainda o Papa, viveu na verdade e na simplicidade a sua voca\u00e7\u00e3o de cust\u00f3dio de Maria e de Jesus. Ele esteva ao lado da sua esposa nos momentos alegres e dif\u00edceis, estabelecendo, com ela, uma maravilhosa familiaridade com Jesus.<\/p>\n<p>Enriquecidos pela simplicidade operosa de S\u00e3o Jos\u00e9, os Padres Josefinos s\u00e3o chamados a serem testemunhas no mundo de uma mensagem especial e de uma boa not\u00edcia confortadora: Deus se serve de todos, de modo particular, dos mais pequeninos, humanamente desprovidos, para implantar e fazer crescer o seu Reino. E o Francisco os exortou:<\/p>\n<p>\u201c<i>Que a perspectiva de servir a Jesus na Igreja e em nossos irm\u00e3os e irm\u00e3s, com particular aten\u00e7\u00e3o aos jovens e mais humildes, possa sempre influenciar a sua vida e a sua alegria. O Senhor se serve de voc\u00eas para o bem das almas. Por isso, encorajo-os a continuar a viver e a trabalhar na Igreja e no mundo com as virtudes simples e essenciais do Esposo da Virgem Maria: humildade, intimidade com o Senhor, sil\u00eancio e escondimento, al\u00e9m do zelo e obra em cumprir a vontade do Senhor, no esp\u00edrito e na feliz s\u00edntese do lema deixado por S\u00e3o Jos\u00e9 Marello: &#8220;Cartuxos em casa e Ap\u00f3stolos fora de casa<\/i>&#8220;.\u201d<\/p>\n<p>Este ensinamento do seu Fundador, sempre vivo em seu esp\u00edrito, afirmou Francisco, os leva a manter em suas Casas religiosas um clima de recolhimento e ora\u00e7\u00e3o, fomentado pelo sil\u00eancio e por oportunos encontros comunit\u00e1rios.<\/p>\n<p>O Santo Padre concluiu seu discurso aos Padres Capitulares Josefinos, com a exorta\u00e7\u00e3o que S\u00e3o Jos\u00e9 Marello fazia a seus filhos espirituais: colocar em primeiro lugar o amor e a obedi\u00eancia aos ensinamentos e diretrizes do Sumo Pont\u00edfice de Santa Igreja.<\/p>\n<p>Por fim, o Papa deixou aos Josefinos a seguinte mensagem:<\/p>\n<p>\u201c<i>O melhor meio para construir um futuro s\u00f3lido \u00e9 a alegria de falar aos jovens sobre Jesus Cristo, lendo com eles o Evangelho e confront\u00e1-lo com a vida!<\/i>\u201d<\/p>\n<p>Francisco despediu-se dos Padres Capitulares invocando a intercess\u00e3o de S\u00e3o Jos\u00e9, Padroeiro da Igreja universal, e do seu santo Fundador, Jos\u00e9 Marello, para que torne fecundo os trabalhos deste XVII Cap\u00edtulo Geral e sustente a miss\u00e3o da Fam\u00edlia Josefina no mundo. (Vatican News)<\/p>\n<p>Por Manoel Tavares<\/p>\n<p>&nbsp;<\/p>\n","protected":false},"excerpt":{"rendered":"<p>O Papa encorajou os Padres Capitulares Josefinos a viver e a trabalhar na Igreja e no mundo com as virtudes de S\u00e3o Jos\u00e9: humildade, intimidade com o Senhor, sil\u00eancio e escondimento, zelo apost\u00f3lico. O Santo Padre recebeu, na manh\u00e3 desta sexta-feira na Sala do Consist\u00f3rio, no Vaticano, 50 participantes no Cap\u00edtulo Geral da Congrega\u00e7\u00e3o dos&nbsp;<\/p>\n<p><a class=\"btn btn-style\" href=\"http:\/\/portalcatolico.net\/portal\/papa-recebe-participantes-do-capitulo-geral-dos-josefinos\/\">Continue Reading<\/a><\/p>\n","protected":false},"author":2,"featured_media":57922,"comment_status":"open","ping_status":"open","sticky":false,"template":"","format":"standard","meta":{"footnotes":""},"categories":[5],"tags":[],"class_list":["post-57921","post","type-post","status-publish","format-standard","has-post-thumbnail","hentry","category-igreja_no_mundo"],"_links":{"self":[{"href":"http:\/\/portalcatolico.net\/portal\/wp-json\/wp\/v2\/posts\/57921","targetHints":{"allow":["GET"]}}],"collection":[{"href":"http:\/\/portalcatolico.net\/portal\/wp-json\/wp\/v2\/posts"}],"about":[{"href":"http:\/\/portalcatolico.net\/portal\/wp-json\/wp\/v2\/types\/post"}],"author":[{"embeddable":true,"href":"http:\/\/portalcatolico.net\/portal\/wp-json\/wp\/v2\/users\/2"}],"replies":[{"embeddable":true,"href":"http:\/\/portalcatolico.net\/portal\/wp-json\/wp\/v2\/comments?post=57921"}],"version-history":[{"count":1,"href":"http:\/\/portalcatolico.net\/portal\/wp-json\/wp\/v2\/posts\/57921\/revisions"}],"predecessor-version":[{"id":57923,"href":"http:\/\/portalcatolico.net\/portal\/wp-json\/wp\/v2\/posts\/57921\/revisions\/57923"}],"wp:featuredmedia":[{"embeddable":true,"href":"http:\/\/portalcatolico.net\/portal\/wp-json\/wp\/v2\/media\/57922"}],"wp:attachment":[{"href":"http:\/\/portalcatolico.net\/portal\/wp-json\/wp\/v2\/media?parent=57921"}],"wp:term":[{"taxonomy":"category","embeddable":true,"href":"http:\/\/portalcatolico.net\/portal\/wp-json\/wp\/v2\/categories?post=57921"},{"taxonomy":"post_tag","embeddable":true,"href":"http:\/\/portalcatolico.net\/portal\/wp-json\/wp\/v2\/tags?post=57921"}],"curies":[{"name":"wp","href":"https:\/\/api.w.org\/{rel}","templated":true}]}}