{"id":57917,"date":"2018-08-31T17:21:39","date_gmt":"2018-08-31T20:21:39","guid":{"rendered":"http:\/\/portalcatolico.net\/portal\/?p=57917"},"modified":"2018-08-31T20:23:01","modified_gmt":"2018-08-31T23:23:01","slug":"dom-limacedo-conhece-a-fazenda-da-esperanca-de-jaboatao","status":"publish","type":"post","link":"http:\/\/portalcatolico.net\/portal\/dom-limacedo-conhece-a-fazenda-da-esperanca-de-jaboatao\/","title":{"rendered":"Dom Limac\u00eado conhece a Fazenda da Esperan\u00e7a de Jaboat\u00e3o"},"content":{"rendered":"<p>Na manh\u00e3 desta quarta-feira, 30\/08, o bispo auxiliar da Arquidiocese de Olinda e Recife, dom Limac\u00eado Ant\u00f4nio, teve a oportunidade de visitar pela primeira vez a Fazenda da Esperan\u00e7a Padre Ant\u00f4nio Henrique, que encontra-se em constru\u00e7\u00e3o no bairro Muribequinha, munic\u00edpio de Jaboat\u00e3o dos Guararapes. A Fazenda da Esperan\u00e7a de Jaboat\u00e3o tem a sua constru\u00e7\u00e3o sob a responsabilidade da Arquidiocese de Olinda e Recife. Dom Limac\u00eado conversou com os acolhidos, com os volunt\u00e1rios, com mission\u00e1rios e com visitantes de Minas Gerais, que estavam de passagem por Pernambuco e foram envolvidos pela experi\u00eancia de transformar vidas e dar testemunho de mudan\u00e7a.<\/p>\n<p><a class=\"td-modal-image\" href=\"http:\/\/www.arquidioceseolindarecife.org\/wp-content\/uploads\/2018\/08\/20180829_100422-Medium.jpg\"><img loading=\"lazy\" decoding=\"async\" class=\" wp-image-45508 td-animation-stack-type0-1 alignnone\" src=\"http:\/\/www.arquidioceseolindarecife.org\/wp-content\/uploads\/2018\/08\/20180829_100422-Medium-300x169.jpg\" sizes=\"auto, (max-width: 300px) 100vw, 300px\" srcset=\"https:\/\/www.arquidioceseolindarecife.org\/wp-content\/uploads\/2018\/08\/20180829_100422-Medium-300x169.jpg 300w, https:\/\/www.arquidioceseolindarecife.org\/wp-content\/uploads\/2018\/08\/20180829_100422-Medium-768x432.jpg 768w, https:\/\/www.arquidioceseolindarecife.org\/wp-content\/uploads\/2018\/08\/20180829_100422-Medium-1024x576.jpg 1024w, https:\/\/www.arquidioceseolindarecife.org\/wp-content\/uploads\/2018\/08\/20180829_100422-Medium-95x54.jpg 95w, https:\/\/www.arquidioceseolindarecife.org\/wp-content\/uploads\/2018\/08\/20180829_100422-Medium.jpg 1365w\" alt=\"\" width=\"730\" height=\"411\"><\/a><\/p>\n<p><a class=\"td-modal-image\" href=\"http:\/\/www.arquidioceseolindarecife.org\/wp-content\/uploads\/2018\/08\/IMG_6708-Medium.jpg\"><img loading=\"lazy\" decoding=\"async\" class=\"wp-image-45512 td-animation-stack-type0-1 aligncenter\" src=\"http:\/\/www.arquidioceseolindarecife.org\/wp-content\/uploads\/2018\/08\/IMG_6708-Medium-300x200.jpg\" sizes=\"auto, (max-width: 300px) 100vw, 300px\" srcset=\"https:\/\/www.arquidioceseolindarecife.org\/wp-content\/uploads\/2018\/08\/IMG_6708-Medium-300x200.jpg 300w, https:\/\/www.arquidioceseolindarecife.org\/wp-content\/uploads\/2018\/08\/IMG_6708-Medium-768x512.jpg 768w, https:\/\/www.arquidioceseolindarecife.org\/wp-content\/uploads\/2018\/08\/IMG_6708-Medium-1024x683.jpg 1024w, https:\/\/www.arquidioceseolindarecife.org\/wp-content\/uploads\/2018\/08\/IMG_6708-Medium-140x94.jpg 140w, https:\/\/www.arquidioceseolindarecife.org\/wp-content\/uploads\/2018\/08\/IMG_6708-Medium.jpg 1152w\" alt=\"\" width=\"743\" height=\"495\"><\/a>O bispo auxiliar conheceu as instala\u00e7\u00f5es do espa\u00e7o e conversou com cada um dos acolhidos em tratamento e com os mission\u00e1rios. Em seguida, uma missa presidida por dom Limac\u00eado foi celebrada, enfatizando o mart\u00edrio de S\u00e3o Jo\u00e3o Batista. Participaram da Santa Eucaristia os oper\u00e1rios que trabalham na constru\u00e7\u00e3o, os acolhidos, visitantes, mission\u00e1rios e volunt\u00e1rios. Em sua homilia, dom Limac\u00eado lembrou que \u00e9 importante rezar pelos profetas e por aqueles que doam sua vida ao an\u00fancio do Evangelho, como fez S\u00e3o Jo\u00e3o Batista. \u201cH\u00e1 maior gratid\u00e3o em dar do que em receber. Se cada um de voc\u00eas est\u00e1 aqui ajudando \u00e9 porque este \u00e9 um projeto que nasceu no cora\u00e7\u00e3o de Deus\u201d, enfatizou o prelado.<\/p>\n<p><a class=\"td-modal-image\" href=\"http:\/\/www.arquidioceseolindarecife.org\/wp-content\/uploads\/2018\/08\/20180829_120559-Medium.jpg\"><img loading=\"lazy\" decoding=\"async\" class=\" wp-image-45510 aligncenter td-animation-stack-type0-1\" src=\"http:\/\/www.arquidioceseolindarecife.org\/wp-content\/uploads\/2018\/08\/20180829_120559-Medium-300x169.jpg\" sizes=\"auto, (max-width: 300px) 100vw, 300px\" srcset=\"https:\/\/www.arquidioceseolindarecife.org\/wp-content\/uploads\/2018\/08\/20180829_120559-Medium-300x169.jpg 300w, https:\/\/www.arquidioceseolindarecife.org\/wp-content\/uploads\/2018\/08\/20180829_120559-Medium-768x432.jpg 768w, https:\/\/www.arquidioceseolindarecife.org\/wp-content\/uploads\/2018\/08\/20180829_120559-Medium-1024x576.jpg 1024w, https:\/\/www.arquidioceseolindarecife.org\/wp-content\/uploads\/2018\/08\/20180829_120559-Medium-95x54.jpg 95w, https:\/\/www.arquidioceseolindarecife.org\/wp-content\/uploads\/2018\/08\/20180829_120559-Medium.jpg 1365w\" alt=\"\" width=\"714\" height=\"402\"><\/a><\/p>\n<p><a class=\"td-modal-image\" href=\"http:\/\/www.arquidioceseolindarecife.org\/wp-content\/uploads\/2018\/08\/20180829_105118-Medium.jpg\"><img loading=\"lazy\" decoding=\"async\" class=\" wp-image-45511 alignright td-animation-stack-type0-1\" src=\"http:\/\/www.arquidioceseolindarecife.org\/wp-content\/uploads\/2018\/08\/20180829_105118-Medium-300x169.jpg\" sizes=\"auto, (max-width: 300px) 100vw, 300px\" srcset=\"https:\/\/www.arquidioceseolindarecife.org\/wp-content\/uploads\/2018\/08\/20180829_105118-Medium-300x169.jpg 300w, https:\/\/www.arquidioceseolindarecife.org\/wp-content\/uploads\/2018\/08\/20180829_105118-Medium-768x432.jpg 768w, https:\/\/www.arquidioceseolindarecife.org\/wp-content\/uploads\/2018\/08\/20180829_105118-Medium-1024x576.jpg 1024w, https:\/\/www.arquidioceseolindarecife.org\/wp-content\/uploads\/2018\/08\/20180829_105118-Medium-95x54.jpg 95w, https:\/\/www.arquidioceseolindarecife.org\/wp-content\/uploads\/2018\/08\/20180829_105118-Medium.jpg 1365w\" alt=\"\" width=\"730\" height=\"411\"><\/a>Para a Fazenda da Esperan\u00e7a de Jaboat\u00e3o, o dia de hoje tamb\u00e9m foi especial, pois al\u00e9m de receber a primeira visita do bispo auxiliar, a Fazenda estava recebendo um novo acolhido para realizar tratamento na unidade. Dentre os visitantes de Minas Gerais, estava a senhora Maria Ign\u00eas, da cidade de Cl\u00e1udio. Diante de dom Limac\u00eado e dos acolhidos, ela deu seu testemunho sobre a reabilita\u00e7\u00e3o da sua filha, que fez tratamento na Fazenda da Esperan\u00e7a do Cear\u00e1 h\u00e1 tr\u00eas anos. \u201cFoi a gratid\u00e3o que me trouxe aqui. Minha filha j\u00e1 havia passado por cl\u00ednicas privadas para a depend\u00eancia qu\u00edmica e n\u00e3o funcionou o tratamento apenas com medicamentos e m\u00e9dicos. Percebemos que era mais eficaz o tratamento aliado ao acompanhamento espiritual\u201d. Como leiga, atualmente, dona Maria Ign\u00eas est\u00e1 determinada a colaborar para a constru\u00e7\u00e3o de uma Fazenda da Esperan\u00e7a feminina em sua cidade, Cl\u00e1udio (MG) e conta, feliz, que j\u00e1 conseguiu a doa\u00e7\u00e3o de um terreno. De acordo com ela, \u00e9 importante a fam\u00edlia n\u00e3o desistir do ente querido que esteja envolvido na depend\u00eancia qu\u00edmica.<\/p>\n<p><a class=\"td-modal-image\" href=\"http:\/\/www.arquidioceseolindarecife.org\/wp-content\/uploads\/2018\/08\/IMG_6729-Medium.jpg\"><img loading=\"lazy\" decoding=\"async\" class=\" wp-image-45513 aligncenter td-animation-stack-type0-1\" src=\"http:\/\/www.arquidioceseolindarecife.org\/wp-content\/uploads\/2018\/08\/IMG_6729-Medium-300x200.jpg\" sizes=\"auto, (max-width: 300px) 100vw, 300px\" srcset=\"https:\/\/www.arquidioceseolindarecife.org\/wp-content\/uploads\/2018\/08\/IMG_6729-Medium-300x200.jpg 300w, https:\/\/www.arquidioceseolindarecife.org\/wp-content\/uploads\/2018\/08\/IMG_6729-Medium-768x512.jpg 768w, https:\/\/www.arquidioceseolindarecife.org\/wp-content\/uploads\/2018\/08\/IMG_6729-Medium-1024x683.jpg 1024w, https:\/\/www.arquidioceseolindarecife.org\/wp-content\/uploads\/2018\/08\/IMG_6729-Medium-140x94.jpg 140w, https:\/\/www.arquidioceseolindarecife.org\/wp-content\/uploads\/2018\/08\/IMG_6729-Medium.jpg 1152w\" alt=\"\" width=\"767\" height=\"512\"><\/a><\/p>\n<p>&nbsp;<\/p>\n<p><a class=\"td-modal-image\" href=\"http:\/\/www.arquidioceseolindarecife.org\/wp-content\/uploads\/2018\/08\/20180829_102807-Medium.jpg\"><img loading=\"lazy\" decoding=\"async\" class=\"size-medium wp-image-45514 alignright td-animation-stack-type0-1\" src=\"http:\/\/www.arquidioceseolindarecife.org\/wp-content\/uploads\/2018\/08\/20180829_102807-Medium-300x169.jpg\" sizes=\"auto, (max-width: 300px) 100vw, 300px\" srcset=\"https:\/\/www.arquidioceseolindarecife.org\/wp-content\/uploads\/2018\/08\/20180829_102807-Medium-300x169.jpg 300w, https:\/\/www.arquidioceseolindarecife.org\/wp-content\/uploads\/2018\/08\/20180829_102807-Medium-768x432.jpg 768w, https:\/\/www.arquidioceseolindarecife.org\/wp-content\/uploads\/2018\/08\/20180829_102807-Medium-1024x576.jpg 1024w, https:\/\/www.arquidioceseolindarecife.org\/wp-content\/uploads\/2018\/08\/20180829_102807-Medium-95x54.jpg 95w, https:\/\/www.arquidioceseolindarecife.org\/wp-content\/uploads\/2018\/08\/20180829_102807-Medium.jpg 1365w\" alt=\"\" width=\"300\" height=\"169\"><\/a>Desde 2012, o arcebispo dom Fernando Saburido vem unindo esfor\u00e7os em busca de levantar recursos e doa\u00e7\u00f5es para a constru\u00e7\u00e3o da primeira unidade da Fazenda da Esperan\u00e7a no Grande Recife. Em 1\u00b0 de mar\u00e7o, a Fazenda da Esperan\u00e7a de Jaboat\u00e3o foi inaugurada e apesar de n\u00e3o estar com a sua constru\u00e7\u00e3o conclu\u00edda, os atendimentos aos dependentes qu\u00edmicos do sexo masculino tiveram in\u00edcio. Atualmente, encontram-se acolhidos 12 jovens, realizando tratamento de reabilita\u00e7\u00e3o.<\/p>\n<p><a class=\"td-modal-image\" href=\"http:\/\/www.arquidioceseolindarecife.org\/wp-content\/uploads\/2018\/08\/WhatsApp-Image-2018-08-29-at-5.42.09-PM.jpeg\"><img loading=\"lazy\" decoding=\"async\" class=\" wp-image-45516 aligncenter td-animation-stack-type0-1\" src=\"http:\/\/www.arquidioceseolindarecife.org\/wp-content\/uploads\/2018\/08\/WhatsApp-Image-2018-08-29-at-5.42.09-PM-300x181.jpeg\" sizes=\"auto, (max-width: 300px) 100vw, 300px\" srcset=\"https:\/\/www.arquidioceseolindarecife.org\/wp-content\/uploads\/2018\/08\/WhatsApp-Image-2018-08-29-at-5.42.09-PM-300x181.jpeg 300w, https:\/\/www.arquidioceseolindarecife.org\/wp-content\/uploads\/2018\/08\/WhatsApp-Image-2018-08-29-at-5.42.09-PM-768x464.jpeg 768w, https:\/\/www.arquidioceseolindarecife.org\/wp-content\/uploads\/2018\/08\/WhatsApp-Image-2018-08-29-at-5.42.09-PM-1024x618.jpeg 1024w, https:\/\/www.arquidioceseolindarecife.org\/wp-content\/uploads\/2018\/08\/WhatsApp-Image-2018-08-29-at-5.42.09-PM.jpeg 1280w\" alt=\"\" width=\"741\" height=\"447\"><\/a><\/p>\n<p>Quem desejar colaborar para ajudar a Arquidiocese de Olinda e Recife a concluir a constru\u00e7\u00e3o da Fazenda da Esperan\u00e7a de Jaboat\u00e3o, doa\u00e7\u00f5es s\u00e3o aceitas na seguinte conta banc\u00e1ria:<\/p>\n<p>Banco do Brasil \u2013 ag\u00eancia 0934-2<\/p>\n<p>Conta corrente: 73314-8 (Obra Social Nossa Senhora da Gl\u00f3ria Fazenda da Esperan\u00e7a), CNPJ: 48.555.775\/0119-41<\/p>\n<p>Quem tiver interesse em se inscrever para realizar o tratamento contra a depend\u00eancia qu\u00edmica na Fazenda da Esperan\u00e7a de Jaboat\u00e3o, pode obter mais informa\u00e7\u00f5es nos seguintes contatos:<\/p>\n<p>(81)3271-4279 (ramal 248)<\/p>\n<p>(81)99887-0382 (Andr\u00e9 Ramos\/Coordenador da Fazenda de Jaboat\u00e3o)<\/p>\n<p><a href=\"mailto:jaboataodosguararapes.m@fazenda.org.br\">jaboataodosguararapes.m@fazenda.org.br<\/a><\/p>\n<p>Fonte:Pascom\/Arquidiocese de Recife e CNBBNE2<\/p>\n","protected":false},"excerpt":{"rendered":"<p>Na manh\u00e3 desta quarta-feira, 30\/08, o bispo auxiliar da Arquidiocese de Olinda e Recife, dom Limac\u00eado Ant\u00f4nio, teve a oportunidade de visitar pela primeira vez a Fazenda da Esperan\u00e7a Padre Ant\u00f4nio Henrique, que encontra-se em constru\u00e7\u00e3o no bairro Muribequinha, munic\u00edpio de Jaboat\u00e3o dos Guararapes. A Fazenda da Esperan\u00e7a de Jaboat\u00e3o tem a sua constru\u00e7\u00e3o sob&nbsp;<\/p>\n<p><a class=\"btn btn-style\" href=\"http:\/\/portalcatolico.net\/portal\/dom-limacedo-conhece-a-fazenda-da-esperanca-de-jaboatao\/\">Continue Reading<\/a><\/p>\n","protected":false},"author":2,"featured_media":57918,"comment_status":"open","ping_status":"open","sticky":false,"template":"","format":"standard","meta":{"footnotes":""},"categories":[4],"tags":[],"class_list":["post-57917","post","type-post","status-publish","format-standard","has-post-thumbnail","hentry","category-destaques"],"_links":{"self":[{"href":"http:\/\/portalcatolico.net\/portal\/wp-json\/wp\/v2\/posts\/57917","targetHints":{"allow":["GET"]}}],"collection":[{"href":"http:\/\/portalcatolico.net\/portal\/wp-json\/wp\/v2\/posts"}],"about":[{"href":"http:\/\/portalcatolico.net\/portal\/wp-json\/wp\/v2\/types\/post"}],"author":[{"embeddable":true,"href":"http:\/\/portalcatolico.net\/portal\/wp-json\/wp\/v2\/users\/2"}],"replies":[{"embeddable":true,"href":"http:\/\/portalcatolico.net\/portal\/wp-json\/wp\/v2\/comments?post=57917"}],"version-history":[{"count":2,"href":"http:\/\/portalcatolico.net\/portal\/wp-json\/wp\/v2\/posts\/57917\/revisions"}],"predecessor-version":[{"id":57920,"href":"http:\/\/portalcatolico.net\/portal\/wp-json\/wp\/v2\/posts\/57917\/revisions\/57920"}],"wp:featuredmedia":[{"embeddable":true,"href":"http:\/\/portalcatolico.net\/portal\/wp-json\/wp\/v2\/media\/57918"}],"wp:attachment":[{"href":"http:\/\/portalcatolico.net\/portal\/wp-json\/wp\/v2\/media?parent=57917"}],"wp:term":[{"taxonomy":"category","embeddable":true,"href":"http:\/\/portalcatolico.net\/portal\/wp-json\/wp\/v2\/categories?post=57917"},{"taxonomy":"post_tag","embeddable":true,"href":"http:\/\/portalcatolico.net\/portal\/wp-json\/wp\/v2\/tags?post=57917"}],"curies":[{"name":"wp","href":"https:\/\/api.w.org\/{rel}","templated":true}]}}