{"id":57914,"date":"2018-09-08T11:49:56","date_gmt":"2018-09-08T14:49:56","guid":{"rendered":"http:\/\/portalcatolico.net\/portal\/?p=57914"},"modified":"2018-09-08T13:59:36","modified_gmt":"2018-09-08T16:59:36","slug":"convite-para-a-solenidade-de-posse-do-padre-jose-augusto-em-potiragua-confira","status":"publish","type":"post","link":"http:\/\/portalcatolico.net\/portal\/convite-para-a-solenidade-de-posse-do-padre-jose-augusto-em-potiragua-confira\/","title":{"rendered":"Convite para a Solenidade de Posse do padre Jos\u00e9 Augusto em Potiragu\u00e1. Confira!"},"content":{"rendered":"<div dir=\"auto\">A Par\u00f3quia Santa Terezinha, na cidade de Potiragu\u00e1 (BA), tomada de sentimentos de louvor a Deus, tem a honra de convidar seus paroquianos, bem como todas as comunidades e fam\u00edlias cat\u00f3licas das cidades circunvizinhas, para a Celebra\u00e7\u00e3o Eucar\u00edstica na qual se dar\u00e1 a cerim\u00f4nia de posse can\u00f4nica ao novo P\u00e1roco o Pe. Jos\u00e9 Augusto. &#8220;Chamado \u00e0 evangeliza\u00e7\u00e3o digo sim ao apelo do Cristo Mission\u00e1rio, consagrando-me ao servi\u00e7o de sua Igreja&#8221;.<\/div>\n<div dir=\"auto\">&nbsp;<\/div>\n<div dir=\"auto\">A celebra\u00e7\u00e3o ser\u00e1 presidida por Dom Carlos Alberto dos Santos, bispo da Diocese de Itabuna, no sul da Bahia.&nbsp;<\/div>\n<div dir=\"auto\">A solenidade ser\u00e1 realizada na Igreja Matriz de Santa Terezinha que situa-se na pra\u00e7a da Bandeira, centro da cidade de Potiragu\u00e1, no dia 14 de setembro \u00e0s 19h.<\/div>\n<div dir=\"auto\">&nbsp;<\/div>\n<div dir=\"auto\">Texto:Reda\u00e7\u00e3o\/Portal cat\u00f3lico.Net<\/div>\n","protected":false},"excerpt":{"rendered":"<p>A Par\u00f3quia Santa Terezinha, na cidade de Potiragu\u00e1 (BA), tomada de sentimentos de louvor a Deus, tem a honra de convidar seus paroquianos, bem como todas as comunidades e fam\u00edlias cat\u00f3licas das cidades circunvizinhas, para a Celebra\u00e7\u00e3o Eucar\u00edstica na qual se dar\u00e1 a cerim\u00f4nia de posse can\u00f4nica ao novo P\u00e1roco o Pe. Jos\u00e9 Augusto. &#8220;Chamado&nbsp;<\/p>\n<p><a class=\"btn btn-style\" href=\"http:\/\/portalcatolico.net\/portal\/convite-para-a-solenidade-de-posse-do-padre-jose-augusto-em-potiragua-confira\/\">Continue Reading<\/a><\/p>\n","protected":false},"author":2,"featured_media":57915,"comment_status":"open","ping_status":"open","sticky":false,"template":"","format":"standard","meta":{"footnotes":""},"categories":[1],"tags":[],"class_list":["post-57914","post","type-post","status-publish","format-standard","has-post-thumbnail","hentry","category-agenda"],"_links":{"self":[{"href":"http:\/\/portalcatolico.net\/portal\/wp-json\/wp\/v2\/posts\/57914","targetHints":{"allow":["GET"]}}],"collection":[{"href":"http:\/\/portalcatolico.net\/portal\/wp-json\/wp\/v2\/posts"}],"about":[{"href":"http:\/\/portalcatolico.net\/portal\/wp-json\/wp\/v2\/types\/post"}],"author":[{"embeddable":true,"href":"http:\/\/portalcatolico.net\/portal\/wp-json\/wp\/v2\/users\/2"}],"replies":[{"embeddable":true,"href":"http:\/\/portalcatolico.net\/portal\/wp-json\/wp\/v2\/comments?post=57914"}],"version-history":[{"count":1,"href":"http:\/\/portalcatolico.net\/portal\/wp-json\/wp\/v2\/posts\/57914\/revisions"}],"predecessor-version":[{"id":57916,"href":"http:\/\/portalcatolico.net\/portal\/wp-json\/wp\/v2\/posts\/57914\/revisions\/57916"}],"wp:featuredmedia":[{"embeddable":true,"href":"http:\/\/portalcatolico.net\/portal\/wp-json\/wp\/v2\/media\/57915"}],"wp:attachment":[{"href":"http:\/\/portalcatolico.net\/portal\/wp-json\/wp\/v2\/media?parent=57914"}],"wp:term":[{"taxonomy":"category","embeddable":true,"href":"http:\/\/portalcatolico.net\/portal\/wp-json\/wp\/v2\/categories?post=57914"},{"taxonomy":"post_tag","embeddable":true,"href":"http:\/\/portalcatolico.net\/portal\/wp-json\/wp\/v2\/tags?post=57914"}],"curies":[{"name":"wp","href":"https:\/\/api.w.org\/{rel}","templated":true}]}}