{"id":57909,"date":"2018-08-30T17:13:21","date_gmt":"2018-08-30T20:13:21","guid":{"rendered":"http:\/\/portalcatolico.net\/portal\/?p=57909"},"modified":"2018-08-31T06:10:04","modified_gmt":"2018-08-31T09:10:04","slug":"assembleia-de-pastoral-do-regional-ne-3-da-cnbb-faz-memoria-dos-ultimos-quatro-anos-de-caminhada","status":"publish","type":"post","link":"http:\/\/portalcatolico.net\/portal\/assembleia-de-pastoral-do-regional-ne-3-da-cnbb-faz-memoria-dos-ultimos-quatro-anos-de-caminhada\/","title":{"rendered":"Assembleia de Pastoral do Regional NE 3 da CNBB faz mem\u00f3ria dos \u00faltimos quatro anos de caminhada"},"content":{"rendered":"<p>Termina hoje (30),&nbsp; a Assembleia de Pastoral do Regional NE 3 da CNBB. O encontro acontece no CTL de Salvador e teve in\u00edcio no dia 27. Com o tema \u201cA cultura urbana e os desafios para a evangeliza\u00e7\u00e3o\u201d, os bispos, padres e leigos representantes das diversas pastorais e movimentos presentes no Regional avaliaram a caminhada realizada pela Igreja nos Estados da Bahia e do Sergipe nos \u00faltimos quatro anos.<\/p>\n<p>O bispo de Cama\u00e7ari e presidente do Regional, Dom Jo\u00e3o Carlos Petrini destacou a import\u00e2ncia da tem\u00e1tica refletida ao longo dos dias da Assembleia. \u201cA escolha do tema foi muito acertada. A qualidade das apresenta\u00e7\u00f5es e a facilidade com a qual todas as pessoas interagiram perguntando e compartilhando experi\u00eancias \u00e9 algo a ser destacado. Para n\u00f3s, fica a pergunta: como evangelizar em ambiente dominado por uma cultura urbana? \u00c9 uma cultura do individualismo. Essa reflex\u00e3o trar\u00e1 muitos frutos, nos ajudar\u00e1 a pensar melhor as nossas atividades pastorais\u201d, afirmou.<\/p>\n<p>A din\u00e2mica desses dias de Assembleia proporcionou diversos momentos de ora\u00e7\u00e3o e partilha das experi\u00eancias vividas pelas pastorais, organismos e movimentos presentes no Regional. Para a coordenadora da Comiss\u00e3o B\u00edblico-Catequ\u00e9tica, Terezinha Barbosa, \u201ca Assembleia \u00e9 um momento de encontro e conviv\u00eancia. Estamos reunidos com nossos bispos e diversos coordenadores das pastorais. A experi\u00eancia e conhecimento adquiridos aqui tornam esse tempo muito especial, rico para a caminhada do Regional como um todo\u201d, compartilhou.<\/p>\n<figure id=\"attachment_15683\"><a href=\"https:\/\/www.cnbbne3.org.br\/wordpress\/wp-content\/uploads\/2018\/08\/IMG_5426.jpg\"><img loading=\"lazy\" decoding=\"async\" class=\"wp-image-15683 aligncenter\" src=\"https:\/\/www.cnbbne3.org.br\/wordpress\/wp-content\/uploads\/2018\/08\/IMG_5426.jpg\" sizes=\"auto, (max-width: 542px) 100vw, 542px\" srcset=\"https:\/\/www.cnbbne3.org.br\/wordpress\/wp-content\/uploads\/2018\/08\/IMG_5426.jpg 3456w, https:\/\/www.cnbbne3.org.br\/wordpress\/wp-content\/uploads\/2018\/08\/IMG_5426-300x200.jpg 300w, https:\/\/www.cnbbne3.org.br\/wordpress\/wp-content\/uploads\/2018\/08\/IMG_5426-768x512.jpg 768w, https:\/\/www.cnbbne3.org.br\/wordpress\/wp-content\/uploads\/2018\/08\/IMG_5426-1024x683.jpg 1024w\" alt=\"\" width=\"664\" height=\"442\"><\/a>&nbsp;As partilhas de experi\u00eancias sobre a caminhada das diversas pastorais, organismos e movimentos foi um dos pontos positivos da Assembleia<\/figure>\n<p>A avalia\u00e7\u00e3o da caminhada revelou avan\u00e7os e desafios no trabalho desenvolvido. O novo secret\u00e1rio geral do Regional e bispo de Propri\u00e1, Dom Vitor Agnaldo Menezes, aponta alguns dados dessa avalia\u00e7\u00e3o. \u201cCreio que duas prioridades foram bem vivenciadas em nossas dioceses: a missionariedade e a catequese. Percebemos que na maioria das dioceses se trabalhou a quest\u00e3o da miss\u00e3o. A catequese tamb\u00e9m avan\u00e7ou muito em nossas comunidades. Percebo que a dificuldade maior est\u00e1 na sustentabilidade das nossas a\u00e7\u00f5es\u201d.<\/p>\n<p><strong>De olho no futuro<\/strong><\/p>\n<figure id=\"attachment_15705\"><a href=\"https:\/\/www.cnbbne3.org.br\/wordpress\/wp-content\/uploads\/2018\/08\/IMG_5398.jpg\"><img loading=\"lazy\" decoding=\"async\" class=\"wp-image-15705 aligncenter\" src=\"https:\/\/www.cnbbne3.org.br\/wordpress\/wp-content\/uploads\/2018\/08\/IMG_5398.jpg\" sizes=\"auto, (max-width: 536px) 100vw, 536px\" srcset=\"https:\/\/www.cnbbne3.org.br\/wordpress\/wp-content\/uploads\/2018\/08\/IMG_5398.jpg 3456w, https:\/\/www.cnbbne3.org.br\/wordpress\/wp-content\/uploads\/2018\/08\/IMG_5398-300x200.jpg 300w, https:\/\/www.cnbbne3.org.br\/wordpress\/wp-content\/uploads\/2018\/08\/IMG_5398-768x512.jpg 768w, https:\/\/www.cnbbne3.org.br\/wordpress\/wp-content\/uploads\/2018\/08\/IMG_5398-1024x683.jpg 1024w\" alt=\"\" width=\"698\" height=\"465\"><\/a><\/figure>\n<figure>&nbsp;\u201co tema refletido em nossa Assembleia j\u00e1 nos prepara para receber as Diretrizes que vir\u00e3o\u201d, afirma o presidente do Regional NE 3<\/figure>\n<p>Al\u00e9m do car\u00e1ter avaliativo, a Assembleia de Pastoral marcou o in\u00edcio do planejamento das atividades pastorais para os pr\u00f3ximos anos. Dom Petrini lembra que s\u00f3 em 2019 ser\u00e3o definidas as prioridades pastorais para o pr\u00f3ximo quadri\u00eanio. \u201cAs pr\u00f3ximas Diretrizes Gerais da A\u00e7\u00e3o Evangelizadora para a Igreja do Brasil j\u00e1 est\u00e3o sendo preparadas e ser\u00e3o apresentadas na pr\u00f3xima Assembleia Geral, que ser\u00e1 realizada em abril do pr\u00f3ximo ano. No entanto, o tema refletido em nossa Assembleia j\u00e1 nos prepara para receber as Diretrizes que vir\u00e3o\u201d, pondera o presidente do Regional.<\/p>\n<p>Uma novidade vivenciada esse ano foi a reuni\u00e3o por Comiss\u00f5es Pastorais. H\u00e1 pouco tempo a estrutura do Regional foi reorganizada e teve como refer\u00eancia a CNBB Nacional. \u201cPela primeira vez, nessa assembleia, estamos reunindo as comiss\u00f5es pastorais seguindo o modelo de organiza\u00e7\u00e3o da CNBB Nacional. Acreditamos que isso vai facilitar o nosso intercambio e vai favorecer uma din\u00e2mica de crescimento para as pastorais\u201d, contou Dom Petrini.<\/p>\n<p>Para o coordenador regional da Pastoral Carcer\u00e1ria, Franco Almeida, a nova din\u00e2mica favoreceu um melhor aproveitamento do tempo do encontro. \u201cAs discuss\u00f5es foram muito proveitosas. A oportunidade de nos reunirmos por comiss\u00f5es nos ajudou a refletir sobre quest\u00f5es pertinentes aos nossos trabalhos, bem como dar in\u00edcio a um planejamento das atividades do pr\u00f3ximo ano\u201d, afirmou.<\/p>\n<p>Por PASCOM Regional NE 3.<\/p>\n","protected":false},"excerpt":{"rendered":"<p>Termina hoje (30),&nbsp; a Assembleia de Pastoral do Regional NE 3 da CNBB. O encontro acontece no CTL de Salvador e teve in\u00edcio no dia 27. Com o tema \u201cA cultura urbana e os desafios para a evangeliza\u00e7\u00e3o\u201d, os bispos, padres e leigos representantes das diversas pastorais e movimentos presentes no Regional avaliaram a caminhada&nbsp;<\/p>\n<p><a class=\"btn btn-style\" href=\"http:\/\/portalcatolico.net\/portal\/assembleia-de-pastoral-do-regional-ne-3-da-cnbb-faz-memoria-dos-ultimos-quatro-anos-de-caminhada\/\">Continue Reading<\/a><\/p>\n","protected":false},"author":2,"featured_media":57912,"comment_status":"open","ping_status":"open","sticky":false,"template":"","format":"standard","meta":{"footnotes":""},"categories":[65],"tags":[],"class_list":["post-57909","post","type-post","status-publish","format-standard","has-post-thumbnail","hentry","category-entrevistas"],"_links":{"self":[{"href":"http:\/\/portalcatolico.net\/portal\/wp-json\/wp\/v2\/posts\/57909","targetHints":{"allow":["GET"]}}],"collection":[{"href":"http:\/\/portalcatolico.net\/portal\/wp-json\/wp\/v2\/posts"}],"about":[{"href":"http:\/\/portalcatolico.net\/portal\/wp-json\/wp\/v2\/types\/post"}],"author":[{"embeddable":true,"href":"http:\/\/portalcatolico.net\/portal\/wp-json\/wp\/v2\/users\/2"}],"replies":[{"embeddable":true,"href":"http:\/\/portalcatolico.net\/portal\/wp-json\/wp\/v2\/comments?post=57909"}],"version-history":[{"count":2,"href":"http:\/\/portalcatolico.net\/portal\/wp-json\/wp\/v2\/posts\/57909\/revisions"}],"predecessor-version":[{"id":57913,"href":"http:\/\/portalcatolico.net\/portal\/wp-json\/wp\/v2\/posts\/57909\/revisions\/57913"}],"wp:featuredmedia":[{"embeddable":true,"href":"http:\/\/portalcatolico.net\/portal\/wp-json\/wp\/v2\/media\/57912"}],"wp:attachment":[{"href":"http:\/\/portalcatolico.net\/portal\/wp-json\/wp\/v2\/media?parent=57909"}],"wp:term":[{"taxonomy":"category","embeddable":true,"href":"http:\/\/portalcatolico.net\/portal\/wp-json\/wp\/v2\/categories?post=57909"},{"taxonomy":"post_tag","embeddable":true,"href":"http:\/\/portalcatolico.net\/portal\/wp-json\/wp\/v2\/tags?post=57909"}],"curies":[{"name":"wp","href":"https:\/\/api.w.org\/{rel}","templated":true}]}}