{"id":57907,"date":"2018-08-31T00:54:00","date_gmt":"2018-08-31T03:54:00","guid":{"rendered":"http:\/\/portalcatolico.net\/portal\/?p=57907"},"modified":"2018-08-30T21:54:40","modified_gmt":"2018-08-31T00:54:40","slug":"moralidade-peso-de-ouro","status":"publish","type":"post","link":"http:\/\/portalcatolico.net\/portal\/moralidade-peso-de-ouro\/","title":{"rendered":"Moralidade, peso de ouro"},"content":{"rendered":"<p>A sociedade brasileira precisa estar convicta de que a moralidade \u00e9 o \u201couro primeiro\u201d de todos os processos. Nem mesmo intelig\u00eancias estrat\u00e9gicas, procedimentos bem articulados e as solu\u00e7\u00f5es para os graves problemas s\u00e3o capazes de resistir \u00e0 falta de tradi\u00e7\u00e3o moral, fundamental para a constru\u00e7\u00e3o do bem comum que precisa ser respeitado e promovido.<strong>&nbsp;&nbsp;&nbsp;&nbsp;&nbsp;&nbsp;&nbsp;&nbsp;&nbsp;&nbsp;&nbsp;&nbsp; <\/strong><\/p>\n<p>Isso porque, o equil\u00edbrio e a identidade de uma na\u00e7\u00e3o dependem fundamentalmente de um conjunto de normas, valores e costumes que constituem o tesouro de uma rica tradi\u00e7\u00e3o moral. Assim, a sociedade deve se conduzir pelos princ\u00edpios de sua carta maior, a Constitui\u00e7\u00e3o Federal, que re\u00fane refer\u00eancias normativas com o objetivo de garantir a justi\u00e7a e fomentar a constru\u00e7\u00e3o de uma cidadania solid\u00e1ria.<\/p>\n<p>A letra da norma, aquilo que est\u00e1 expl\u00edcito na lei, resulta de processos interpretativos e de desdobramentos socioculturais e religiosos. Processos capazes de inspirar os seres humanos &#8211; congregados em povos e culturas &#8211; a leituras e entendimentos que possibilitem a configura\u00e7\u00e3o de uma tradi\u00e7\u00e3o moral que ordene viv\u00eancias, conviv\u00eancias, procedimentos e funcionamentos.<\/p>\n<p>Assim, uma s\u00f3lida tradi\u00e7\u00e3o moral n\u00e3o se configura a partir de simples recursos de subjetividades ou de ideologias. \u00c9 fruto da intera\u00e7\u00e3o dos seres humanos que se articulam na importante tarefa de edific\u00e1-la pela essencialidade do relacionamento entre pessoas e pela refer\u00eancia dos valores morais e princ\u00edpios \u00e9ticos, inegoci\u00e1veis e intoc\u00e1veis &#8211; cl\u00e1usulas p\u00e9treas.<\/p>\n<p>Uma exemplar singularidade dentre essas cl\u00e1usulas \u00e9 a inviolabilidade do dom e do direito \u00e0 vida, que tem de ser respeitada em todas as suas etapas &#8211; da fecunda\u00e7\u00e3o ao decl\u00ednio, com a morte natural.&nbsp; Toda legisla\u00e7\u00e3o em contr\u00e1rio fere e desestabiliza o tecido da tradi\u00e7\u00e3o moral, com graves preju\u00edzos para todos. Mas preservar o bem comum n\u00e3o \u00e9 tarefa f\u00e1cil, exige cuidado e aten\u00e7\u00e3o, uma verdadeira luta no interno da sociedade. N\u00e3o se pode desconsiderar a tend\u00eancia de se buscar, simplesmente, o interesse pessoal.<\/p>\n<p>O ego\u00edsmo tem for\u00e7a para fazer passar o interesse de um ou de determinado grupo e segmento em preju\u00edzo do outro ou do bem comum. A perda da tradi\u00e7\u00e3o moral representa grave comprometimento da autoridade. Nesse horizonte, a prioridade deve ser o investimento na forma\u00e7\u00e3o de condutas pautadas no respeito a valores \u00e9tico-morais \u2013 n\u00e3o se fala aqui, absolutamente, de moralismos e conservadorismos, mas de rever conceitos e comportamentos. &nbsp;<\/p>\n<p>\u00c9 preciso investir na recupera\u00e7\u00e3o da moralidade, em todos os setores, envolvendo o conjunto dos cidad\u00e3os, para alavancar projetos de desenvolvimento integral, de qualifica\u00e7\u00e3o da cidadania. Esse percurso de formar, recompor e manter a tradi\u00e7\u00e3o moral, indispens\u00e1vel a uma na\u00e7\u00e3o, n\u00e3o pode ser fruto de subjetivismo ou imposi\u00e7\u00e3o ideol\u00f3gica. Os processos educativos, formais, familiares e nas diferentes circunst\u00e2ncias e processos que comp\u00f5em a vida cotidiana, t\u00eam s\u00e9ria responsabilidade por contribuir significativamente para que esse tecido erodido por muitas causas e raz\u00f5es se recomponha.O comprometimento do tecido moral, particularmente quando considerados os esquemas de corrup\u00e7\u00e3o e depreda\u00e7\u00e3o do er\u00e1rio, o modo irrespons\u00e1vel com que \u00e9 tratado o bem p\u00fablico, requer a a\u00e7\u00e3o de bons gestores, que representem o povo nas suas institui\u00e7\u00f5es, e cidad\u00e3os honestos nas rela\u00e7\u00f5es do dia a dia, nas mais comuns circunst\u00e2ncias.<\/p>\n<p>O atendimento a essa demanda urgente exige que se considere a import\u00e2ncia do tesouro em que a moralidade est\u00e1 inscrita, especialmente neste ano eleitoral quando a credibilidade de candidatos est\u00e1 em quest\u00e3o. A tradi\u00e7\u00e3o moral na pol\u00edtica est\u00e1 sucateada e por isso o pre\u00e7o do descr\u00e9dito \u00e9 grande. O mesmo ocorre na esfera religiosa e n\u00e3o menos, de modo preocupante, no mundo do judici\u00e1rio e em outros tantos segmentos da sociedade. Assusta muito ver decis\u00f5es, frutos de interpreta\u00e7\u00f5es de leis e normas, com favorecimentos por coniv\u00eancia, por poder ou at\u00e9 mesmo por mediocridade em raz\u00e3o da pouca compet\u00eancia, n\u00e3o s\u00f3 acad\u00eamico-cient\u00edfica, mas sobretudo pelo distanciamento de s\u00f3lidas tradi\u00e7\u00f5es morais.<\/p>\n<p>\u00c9 necess\u00e1rio assimilar a convic\u00e7\u00e3o de que a moralidade \u00e9 a alavanca \u00fanica que pode sustentar, dar consist\u00eancia e empurrar na dire\u00e7\u00e3o certa. A sociedade precisa, em todos os ambientes e segmentos, contar com cidad\u00e3os e cidad\u00e3s que, acima de tudo e prioritariamente, considerem, vivam e testemunhem a moralidade a peso de ouro.<\/p>\n<p>Autor:Dom Walmor Oliveira de Azevedo<\/p>\n<p>Arcebispo metropolitano de Belo Horizonte (MG)<\/p>\n","protected":false},"excerpt":{"rendered":"<p>A sociedade brasileira precisa estar convicta de que a moralidade \u00e9 o \u201couro primeiro\u201d de todos os processos. Nem mesmo intelig\u00eancias estrat\u00e9gicas, procedimentos bem articulados e as solu\u00e7\u00f5es para os graves problemas s\u00e3o capazes de resistir \u00e0 falta de tradi\u00e7\u00e3o moral, fundamental para a constru\u00e7\u00e3o do bem comum que precisa ser respeitado e promovido.&nbsp;&nbsp;&nbsp;&nbsp;&nbsp;&nbsp;&nbsp;&nbsp;&nbsp;&nbsp;&nbsp;&nbsp; Isso&nbsp;<\/p>\n<p><a class=\"btn btn-style\" href=\"http:\/\/portalcatolico.net\/portal\/moralidade-peso-de-ouro\/\">Continue Reading<\/a><\/p>\n","protected":false},"author":2,"featured_media":56676,"comment_status":"open","ping_status":"open","sticky":false,"template":"","format":"standard","meta":{"footnotes":""},"categories":[69],"tags":[],"class_list":["post-57907","post","type-post","status-publish","format-standard","has-post-thumbnail","hentry","category-artigos"],"_links":{"self":[{"href":"http:\/\/portalcatolico.net\/portal\/wp-json\/wp\/v2\/posts\/57907","targetHints":{"allow":["GET"]}}],"collection":[{"href":"http:\/\/portalcatolico.net\/portal\/wp-json\/wp\/v2\/posts"}],"about":[{"href":"http:\/\/portalcatolico.net\/portal\/wp-json\/wp\/v2\/types\/post"}],"author":[{"embeddable":true,"href":"http:\/\/portalcatolico.net\/portal\/wp-json\/wp\/v2\/users\/2"}],"replies":[{"embeddable":true,"href":"http:\/\/portalcatolico.net\/portal\/wp-json\/wp\/v2\/comments?post=57907"}],"version-history":[{"count":1,"href":"http:\/\/portalcatolico.net\/portal\/wp-json\/wp\/v2\/posts\/57907\/revisions"}],"predecessor-version":[{"id":57908,"href":"http:\/\/portalcatolico.net\/portal\/wp-json\/wp\/v2\/posts\/57907\/revisions\/57908"}],"wp:featuredmedia":[{"embeddable":true,"href":"http:\/\/portalcatolico.net\/portal\/wp-json\/wp\/v2\/media\/56676"}],"wp:attachment":[{"href":"http:\/\/portalcatolico.net\/portal\/wp-json\/wp\/v2\/media?parent=57907"}],"wp:term":[{"taxonomy":"category","embeddable":true,"href":"http:\/\/portalcatolico.net\/portal\/wp-json\/wp\/v2\/categories?post=57907"},{"taxonomy":"post_tag","embeddable":true,"href":"http:\/\/portalcatolico.net\/portal\/wp-json\/wp\/v2\/tags?post=57907"}],"curies":[{"name":"wp","href":"https:\/\/api.w.org\/{rel}","templated":true}]}}