{"id":57904,"date":"2018-08-30T18:37:43","date_gmt":"2018-08-30T21:37:43","guid":{"rendered":"http:\/\/portalcatolico.net\/portal\/?p=57904"},"modified":"2018-08-30T21:39:42","modified_gmt":"2018-08-31T00:39:42","slug":"10-anos-do-acordo-brasil-santa-se-comissao-prepara-seminario","status":"publish","type":"post","link":"http:\/\/portalcatolico.net\/portal\/10-anos-do-acordo-brasil-santa-se-comissao-prepara-seminario\/","title":{"rendered":"10 anos do Acordo Brasil-Santa S\u00e9: Comiss\u00e3o prepara semin\u00e1rio"},"content":{"rendered":"<p>De 12 a 14 de novembro, a Comiss\u00e3o Episcopal para a Implementa\u00e7\u00e3o do Acordo entre o Brasil e a Santa S\u00e9 da Confer\u00eancia Nacional dos Bispos do Brasil (CNBB), em parceria com a Arquidiocese de Campinas e Pontif\u00edcia Universidade Cat\u00f3lica de Campinas realiza semin\u00e1rio \u201c10 Anos do Acordo Brasil-Santa S\u00e9\u201d, na sede da universidade.<\/p>\n<p>O documento que d\u00e1 amparo aos direitos essenciais ao desenvolvimento da miss\u00e3o da Igreja no Brasil foi assinado em 13 de novembro em 2008, na Cidade do Vaticano. &nbsp;Este instrumento jur\u00eddico \u00e9 um dos mais importantes marcos nas rela\u00e7\u00f5es entre Igreja e Estado no Brasil.<\/p>\n<p>De acordo com o consultor can\u00f4nico da CNBB, frei Evaldo Xavier Gomes, o documento \u201c\u00e9 o maior marco nas rela\u00e7\u00f5es Igreja e Estado no Brasil\u201d e \u201c\u00e9 o fruto de anos de di\u00e1logos e negocia\u00e7\u00f5es entre a autoridade eclesi\u00e1stica e o governo brasileiro\u201d.<\/p>\n<p>O semin\u00e1rio vai apresentar uma programa\u00e7\u00e3o diversificada ao longo de tr\u00eas dias, com confer\u00eancias, missa solene&nbsp;e momento de comemora\u00e7\u00e3o. Entre os principais temas das confer\u00eancias est\u00e3o: Personalidade Jur\u00eddica dos Entes Eclesi\u00e1sticos (Dioceses, Congrega\u00e7\u00f5es, Ordens, Associa\u00e7\u00f5es, Institutos e outros); Filantropia; Aspectos Cont\u00e1beis das Organiza\u00e7\u00f5es<\/p>\n<p>Religiosas; Quest\u00f5es Estatut\u00e1rias;&nbsp;Rela\u00e7\u00f5es entre Igreja e Estado;&nbsp;V\u00ednculo Empregat\u00edcio;&nbsp;Bens tombados \u2013&nbsp;Patrim\u00f4nio Hist\u00f3rico e Religioso e outros.<\/p>\n<p>As inscri\u00e7\u00f5es j\u00e1 podem ser feitas diretamente no site da&nbsp;<a href=\"https:\/\/www.puc-campinas.edu.br\/acordo-brasil-santa-se\">PUC Campinas<\/a>.&nbsp;As vagas s\u00e3o limitadas.&nbsp;No mesmo endere\u00e7o est\u00e3o dispon\u00edveis informa\u00e7\u00f5es sobre a programa\u00e7\u00e3o do evento.<\/p>\n<p>Ainda de acordo com o assessor can\u00f4nico, o texto n\u00e3o caracteriza a concess\u00e3o de privil\u00e9gios ou qualquer discrimina\u00e7\u00e3o, mas \u201cgarante \u00e0 Igreja Cat\u00f3lica no Brasil o exerc\u00edcio daqueles direitos essenciais ao desenvolvimento de sua miss\u00e3o para o bem do povo brasileiro, especialmente os mais necessitados\u201d. Frei Evaldo explica ainda que o texto do Acordo, que possui 20 artigos, consolida em um \u00fanico instrumento legal, direitos j\u00e1 garantidos pela legisla\u00e7\u00e3o brasileira e pela jurisprud\u00eancia dos tribunais do pa\u00eds.<\/p>\n<p>Durante a 56\u00aa Assembleia Geral da CNBB, que foi realizada em abril, em Aparecida (SP), foi realizada uma sess\u00e3o comemorativa. Al\u00e9m disso, outra contribui\u00e7\u00e3o da Comiss\u00e3o foi a elabora\u00e7\u00e3o de um Vade-M\u00e9cum, dispon\u00edvel no site da editora Edi\u00e7\u00f5es CNBB.<\/p>\n<p><strong>A Comiss\u00e3o<\/strong><\/p>\n<p>No \u00e2mbito da CNBB, foi criada em 2011 a Comiss\u00e3o Episcopal para a Implementa\u00e7\u00e3o do Acordo entre o Brasil e a Santa S\u00e9, presidida atualmente pelo arcebispo em\u00e9rito de Aparecida (SP), cardeal Raymundo Damasceno Assis, ex-Presidente da CNBB (2011-2015).<\/p>\n<p>Fonte:CNBB<\/p>\n","protected":false},"excerpt":{"rendered":"<p>De 12 a 14 de novembro, a Comiss\u00e3o Episcopal para a Implementa\u00e7\u00e3o do Acordo entre o Brasil e a Santa S\u00e9 da Confer\u00eancia Nacional dos Bispos do Brasil (CNBB), em parceria com a Arquidiocese de Campinas e Pontif\u00edcia Universidade Cat\u00f3lica de Campinas realiza semin\u00e1rio \u201c10 Anos do Acordo Brasil-Santa S\u00e9\u201d, na sede da universidade. O&nbsp;<\/p>\n<p><a class=\"btn btn-style\" href=\"http:\/\/portalcatolico.net\/portal\/10-anos-do-acordo-brasil-santa-se-comissao-prepara-seminario\/\">Continue Reading<\/a><\/p>\n","protected":false},"author":2,"featured_media":57905,"comment_status":"open","ping_status":"open","sticky":false,"template":"","format":"standard","meta":{"footnotes":""},"categories":[3],"tags":[],"class_list":["post-57904","post","type-post","status-publish","format-standard","has-post-thumbnail","hentry","category-noticias_regionais"],"_links":{"self":[{"href":"http:\/\/portalcatolico.net\/portal\/wp-json\/wp\/v2\/posts\/57904","targetHints":{"allow":["GET"]}}],"collection":[{"href":"http:\/\/portalcatolico.net\/portal\/wp-json\/wp\/v2\/posts"}],"about":[{"href":"http:\/\/portalcatolico.net\/portal\/wp-json\/wp\/v2\/types\/post"}],"author":[{"embeddable":true,"href":"http:\/\/portalcatolico.net\/portal\/wp-json\/wp\/v2\/users\/2"}],"replies":[{"embeddable":true,"href":"http:\/\/portalcatolico.net\/portal\/wp-json\/wp\/v2\/comments?post=57904"}],"version-history":[{"count":1,"href":"http:\/\/portalcatolico.net\/portal\/wp-json\/wp\/v2\/posts\/57904\/revisions"}],"predecessor-version":[{"id":57906,"href":"http:\/\/portalcatolico.net\/portal\/wp-json\/wp\/v2\/posts\/57904\/revisions\/57906"}],"wp:featuredmedia":[{"embeddable":true,"href":"http:\/\/portalcatolico.net\/portal\/wp-json\/wp\/v2\/media\/57905"}],"wp:attachment":[{"href":"http:\/\/portalcatolico.net\/portal\/wp-json\/wp\/v2\/media?parent=57904"}],"wp:term":[{"taxonomy":"category","embeddable":true,"href":"http:\/\/portalcatolico.net\/portal\/wp-json\/wp\/v2\/categories?post=57904"},{"taxonomy":"post_tag","embeddable":true,"href":"http:\/\/portalcatolico.net\/portal\/wp-json\/wp\/v2\/tags?post=57904"}],"curies":[{"name":"wp","href":"https:\/\/api.w.org\/{rel}","templated":true}]}}