{"id":57901,"date":"2018-08-30T21:28:07","date_gmt":"2018-08-31T00:28:07","guid":{"rendered":"http:\/\/portalcatolico.net\/portal\/?p=57901"},"modified":"2018-08-30T21:28:07","modified_gmt":"2018-08-31T00:28:07","slug":"grupo-de-jovens-de-paroquia-em-itabuna-abre-inscricoes-para-encontro","status":"publish","type":"post","link":"http:\/\/portalcatolico.net\/portal\/grupo-de-jovens-de-paroquia-em-itabuna-abre-inscricoes-para-encontro\/","title":{"rendered":"Grupo de jovens de par\u00f3quia em Itabuna abre inscri\u00e7\u00f5es para Encontro"},"content":{"rendered":"<div dir=\"auto\">Os jovens do grupo de jovem F\u00e9 da Par\u00f3quia Nossa Senhora de F\u00e1tima na cidade e Diocese de Itabuna tem um convite muito especial para voc\u00ea jque tem entre 16 a 29 anos e que mora nos bairros pertencentes \u00e0 Par\u00f3quia de F\u00e1tima: as inscri\u00e7\u00f5es para participar do Encontro de jovem F\u00e9, j\u00e1 est\u00e3o abertas! Para se inscrever, entre em contato com alguns dos jovens do grupo, nos hor\u00e1rios da missa.&nbsp;<\/div>\n<div dir=\"auto\">Para maiores informa\u00e7\u00f5es sobre o encontro, pode entrar em contato pelo WhatsApp (73) 991486609 ou via Direct no Instagram @jovensanjosdecristo.&nbsp;<\/div>\n<div dir=\"auto\">O encontro ser\u00e1 realizado entre os dias 21 a 23 de setembro no centro Pastoral Diocesano, situado no bairro Jardim Vit\u00f3ria. O valor da inscri\u00e7\u00e3o custar\u00e1 30 reais para custear hospedagem, alimenta\u00e7\u00e3o e transporte. Outras informa\u00e7\u00f5es, na p\u00e1gina do facebook da par\u00f3quia. <a href=\"https:\/\/www.facebook.com\/paroquiadefatimaitabuna\/\">https:\/\/www.facebook.com\/paroquiadefatimaitabuna\/&nbsp;&nbsp;<\/a><\/div>\n<div dir=\"auto\">Edi\u00e7\u00e3o de texto:Reda\u00e7\u00e3o\/Portal Cat\u00f3lico\/Informa\u00e7\u00f5es: Pascom<\/div>\n","protected":false},"excerpt":{"rendered":"<p>Os jovens do grupo de jovem F\u00e9 da Par\u00f3quia Nossa Senhora de F\u00e1tima na cidade e Diocese de Itabuna tem um convite muito especial para voc\u00ea jque tem entre 16 a 29 anos e que mora nos bairros pertencentes \u00e0 Par\u00f3quia de F\u00e1tima: as inscri\u00e7\u00f5es para participar do Encontro de jovem F\u00e9, j\u00e1 est\u00e3o abertas!&nbsp;<\/p>\n<p><a class=\"btn btn-style\" href=\"http:\/\/portalcatolico.net\/portal\/grupo-de-jovens-de-paroquia-em-itabuna-abre-inscricoes-para-encontro\/\">Continue Reading<\/a><\/p>\n","protected":false},"author":2,"featured_media":57902,"comment_status":"open","ping_status":"open","sticky":false,"template":"","format":"standard","meta":{"footnotes":""},"categories":[1],"tags":[],"class_list":["post-57901","post","type-post","status-publish","format-standard","has-post-thumbnail","hentry","category-agenda"],"_links":{"self":[{"href":"http:\/\/portalcatolico.net\/portal\/wp-json\/wp\/v2\/posts\/57901","targetHints":{"allow":["GET"]}}],"collection":[{"href":"http:\/\/portalcatolico.net\/portal\/wp-json\/wp\/v2\/posts"}],"about":[{"href":"http:\/\/portalcatolico.net\/portal\/wp-json\/wp\/v2\/types\/post"}],"author":[{"embeddable":true,"href":"http:\/\/portalcatolico.net\/portal\/wp-json\/wp\/v2\/users\/2"}],"replies":[{"embeddable":true,"href":"http:\/\/portalcatolico.net\/portal\/wp-json\/wp\/v2\/comments?post=57901"}],"version-history":[{"count":1,"href":"http:\/\/portalcatolico.net\/portal\/wp-json\/wp\/v2\/posts\/57901\/revisions"}],"predecessor-version":[{"id":57903,"href":"http:\/\/portalcatolico.net\/portal\/wp-json\/wp\/v2\/posts\/57901\/revisions\/57903"}],"wp:featuredmedia":[{"embeddable":true,"href":"http:\/\/portalcatolico.net\/portal\/wp-json\/wp\/v2\/media\/57902"}],"wp:attachment":[{"href":"http:\/\/portalcatolico.net\/portal\/wp-json\/wp\/v2\/media?parent=57901"}],"wp:term":[{"taxonomy":"category","embeddable":true,"href":"http:\/\/portalcatolico.net\/portal\/wp-json\/wp\/v2\/categories?post=57901"},{"taxonomy":"post_tag","embeddable":true,"href":"http:\/\/portalcatolico.net\/portal\/wp-json\/wp\/v2\/tags?post=57901"}],"curies":[{"name":"wp","href":"https:\/\/api.w.org\/{rel}","templated":true}]}}