{"id":57897,"date":"2018-08-29T22:02:04","date_gmt":"2018-08-30T01:02:04","guid":{"rendered":"http:\/\/portalcatolico.net\/portal\/?p=57897"},"modified":"2018-08-30T06:03:01","modified_gmt":"2018-08-30T09:03:01","slug":"regional-ne-3-realiza-assembleia-de-pastoral-2018","status":"publish","type":"post","link":"http:\/\/portalcatolico.net\/portal\/regional-ne-3-realiza-assembleia-de-pastoral-2018\/","title":{"rendered":"Regional NE 3 realiza Assembleia de Pastoral 2018"},"content":{"rendered":"<p>Com o tema \u201cA cultura urbana e os desafios para a evangeliza\u00e7\u00e3o\u201d, come\u00e7ou&nbsp; no dia 27 e vai at\u00e9 o dia 30 de agosto, a Assembleia de Pastoral 2018 do Regional Nordeste 3. &nbsp;Com o objetivo de planejar e avaliar a atua\u00e7\u00e3o das pastorais, movimentos e organismos do regional, a Assembleia teve in\u00edcio na segunda-feira (27) com a \u201cMissa de Envio\u201d de Dom Gilson Andrade da Silva, at\u00e9 ent\u00e3o&nbsp;bispo auxiliar da Arquidiocese de Salvador e Secret\u00e1rio Geral da CNBB no Regional NE3, que foi eleito bispo-coadjutor da diocese de Nova Igua\u00e7u.<\/p>\n<p>Ontem (28), o dia come\u00e7ou com a Santa Missa, presidida pelo Arcebispo de Salvador e Primaz do Brasil, Dom Murilo Krieger e em seguida deu-se in\u00edcio \u00e1 reflex\u00e3o sobre o tema, com a media\u00e7\u00e3o de padre Manoel Filho. Para padre Manoel, a discuss\u00e3o sobre a evangeliza\u00e7\u00e3o no mundo urbano \u00e9 um grande desafio e tem sido uma t\u00f4nica nos \u00faltimos anos na Igreja.<\/p>\n<p>\u201cEssa discuss\u00e3o sobre cultura urbana est\u00e1 muito extensa no pa\u00eds. Vemos que hoje pensar urbano \u00e9 uma necessidade, porque onde quer que esteja uma pessoa,&nbsp;gra\u00e7as \u00e0 tecnologia, gra\u00e7as \u00e0 internet, gra\u00e7as aos meios de comunica\u00e7\u00e3o, se trata de uma pessoa urbana. E Essa mentalidade de urbaniza\u00e7\u00e3o do homem \u00e9 um grande desafio\u201d, disse.<\/p>\n<p>Durante o dia foi anunciado tamb\u00e9m que o bispo da Diocese de Propri\u00e1\/SE, Dom V\u00edtor&nbsp;Agnaldo de Menezes, seria o novo Secret\u00e1rio Geral do Regional \u201cAd hoc\u201d (que significa \u201cpor tempo determinado\u201d). Ele permanecer\u00e1 na fun\u00e7\u00e3o at\u00e9 maio de 2019, quando acontecer\u00e3o novas elei\u00e7\u00f5es.<\/p>\n<p>Ap\u00f3s o almo\u00e7o, Dom Gilson apresentou a mem\u00f3ria do \u00faltimo quadri\u00eanio no regional, destacando sua resson\u00e2ncia nas dioceses. Em seguida, os presentes se reuniram em grupos de suas sub-regi\u00f5es para fazer avalia\u00e7\u00f5es dos \u00faltimos quatro anos.<\/p>\n<p><a href=\"https:\/\/www.cnbbne3.org.br\/salvador-sedia-a-assembleia-de-pastoral-do-regional-ne-3\/\"><span style=\"color: #0000ff;\">Confira as fotos do evento<\/span><\/a>:<\/p>\n","protected":false},"excerpt":{"rendered":"<p>Com o tema \u201cA cultura urbana e os desafios para a evangeliza\u00e7\u00e3o\u201d, come\u00e7ou&nbsp; no dia 27 e vai at\u00e9 o dia 30 de agosto, a Assembleia de Pastoral 2018 do Regional Nordeste 3. &nbsp;Com o objetivo de planejar e avaliar a atua\u00e7\u00e3o das pastorais, movimentos e organismos do regional, a Assembleia teve in\u00edcio na segunda-feira&nbsp;<\/p>\n<p><a class=\"btn btn-style\" href=\"http:\/\/portalcatolico.net\/portal\/regional-ne-3-realiza-assembleia-de-pastoral-2018\/\">Continue Reading<\/a><\/p>\n","protected":false},"author":2,"featured_media":57898,"comment_status":"open","ping_status":"open","sticky":false,"template":"","format":"standard","meta":{"footnotes":""},"categories":[2],"tags":[],"class_list":["post-57897","post","type-post","status-publish","format-standard","has-post-thumbnail","hentry","category-eventos"],"_links":{"self":[{"href":"http:\/\/portalcatolico.net\/portal\/wp-json\/wp\/v2\/posts\/57897","targetHints":{"allow":["GET"]}}],"collection":[{"href":"http:\/\/portalcatolico.net\/portal\/wp-json\/wp\/v2\/posts"}],"about":[{"href":"http:\/\/portalcatolico.net\/portal\/wp-json\/wp\/v2\/types\/post"}],"author":[{"embeddable":true,"href":"http:\/\/portalcatolico.net\/portal\/wp-json\/wp\/v2\/users\/2"}],"replies":[{"embeddable":true,"href":"http:\/\/portalcatolico.net\/portal\/wp-json\/wp\/v2\/comments?post=57897"}],"version-history":[{"count":1,"href":"http:\/\/portalcatolico.net\/portal\/wp-json\/wp\/v2\/posts\/57897\/revisions"}],"predecessor-version":[{"id":57899,"href":"http:\/\/portalcatolico.net\/portal\/wp-json\/wp\/v2\/posts\/57897\/revisions\/57899"}],"wp:featuredmedia":[{"embeddable":true,"href":"http:\/\/portalcatolico.net\/portal\/wp-json\/wp\/v2\/media\/57898"}],"wp:attachment":[{"href":"http:\/\/portalcatolico.net\/portal\/wp-json\/wp\/v2\/media?parent=57897"}],"wp:term":[{"taxonomy":"category","embeddable":true,"href":"http:\/\/portalcatolico.net\/portal\/wp-json\/wp\/v2\/categories?post=57897"},{"taxonomy":"post_tag","embeddable":true,"href":"http:\/\/portalcatolico.net\/portal\/wp-json\/wp\/v2\/tags?post=57897"}],"curies":[{"name":"wp","href":"https:\/\/api.w.org\/{rel}","templated":true}]}}