{"id":57893,"date":"2018-08-30T00:58:34","date_gmt":"2018-08-30T03:58:34","guid":{"rendered":"http:\/\/portalcatolico.net\/portal\/?p=57893"},"modified":"2018-08-29T20:58:57","modified_gmt":"2018-08-29T23:58:57","slug":"rio-recebe-visita-da-padroeira-dos-paraenses","status":"publish","type":"post","link":"http:\/\/portalcatolico.net\/portal\/rio-recebe-visita-da-padroeira-dos-paraenses\/","title":{"rendered":"Rio recebe visita da padroeira dos paraenses"},"content":{"rendered":"<p class=\"textopadrao\">De 31 de agosto a 2 de setembro, o Rio de Janeiro estar\u00e1 recebendo a visita da imagem peregrina de Nossa Senhora de Nazar\u00e9, a padroeira do povo paraense e a Rainha da Amaz\u00f4nia. A 10\u00aa edi\u00e7\u00e3o do C\u00edrio de Nazar\u00e9 Rio, como ficou conhecido, tem como tema neste ano: \u201cUma jovem chamada Maria\u201d.<\/p>\n<p class=\"textopadrao\">A primeira visita da imagem peregrina no Rio aconteceu em 2009. Foi uma iniciativa da diretoria do C\u00edrio de Nazar\u00e9, de Bel\u00e9m, com o apoio do ent\u00e3o arcebispo de Bel\u00e9m, Dom Orani Jo\u00e3o Tempesta, depois arcebispo do Rio, de visitar as capitais do Brasil, que depois se expandiu para outras cidades e regi\u00f5es.<\/p>\n<p class=\"entretitulo\"><strong>Saquarema<\/strong><\/p>\n<p class=\"textopadrao\">Pelo que se tem not\u00edcia, a devo\u00e7\u00e3o a Nossa Senhora de Nazar\u00e9 chegou ao Estado do Rio de Janeiro no dia 8 de setembro de 1630, ap\u00f3s uma grande tempestade. Um pescador saiu para ver suas redes no mar de Saquarema e, ao passar diante de um morro, onde hoje est\u00e1 erguida a Igreja dedicada a Nossa Senhora de Nazar\u00e9, viu uma forte luz e foi verificar o que era. No local do brilho, ele encontrou a imagem da Virgem Maria e levou para casa. No dia seguinte, a imagem reapareceu no local onde havia sido encontrada. Isso aconteceu por duas vezes. Todos entenderam que era para construir uma capela naquele local. Muitos milagres aconteceram a partir de ent\u00e3o, e a capela ficou pequena, sendo necess\u00e1rio construir uma igreja bem maior.<\/p>\n<p class=\"entretitulo\"><strong>Bel\u00e9m do Par\u00e1<\/strong><\/p>\n<p class=\"textopadrao\">A Festa do C\u00edrio de Nazar\u00e9 em Bel\u00e9m do Par\u00e1, na regi\u00e3o Norte do Brasil, foi precedida pela Vigia de Nazar\u00e9. Por\u00e9m, ela tornou-se conhecida e celebrada como solenidade em Bel\u00e9m do Par\u00e1 desde 1793, e hoje, conta com a participa\u00e7\u00e3o de mais de 2 milh\u00f5es de pessoas no segundo domingo de outubro. Mas ao todo s\u00e3o 12 prociss\u00f5es (romarias) durante o m\u00eas de outubro que marcam a vida, a f\u00e9 e a cultura paraenses. O nome C\u00edrio vem das velas que acompanham a prociss\u00e3o, hoje a da translada\u00e7\u00e3o no s\u00e1bado \u00e0 noite. C\u00edrio \u00e9 uma palavra que significa vela grande. A devo\u00e7\u00e3o \u00e0 Senhora de Nazar\u00e9 iniciou-se com o encontro da imagem pelo jovem Pl\u00e1cido. At\u00e9 hoje essa imagem se encontra na Bas\u00edlica Santu\u00e1rio, como testemunho de um povo devoto, e se tornou a maior festa cat\u00f3lica do mundo dedicada \u00e0 M\u00e3e de Jesus.<\/p>\n<p class=\"subtitulomd1618\" align=\"center\"><strong>Programa\u00e7\u00e3o<\/strong><\/p>\n<p class=\"entretitulo\" align=\"left\"><strong>Sexta-feira, dia 31 de agosto<\/strong><\/p>\n<p class=\"notadestaquehifem\">6h40 &#8211; Chegada da imagem no Gale\u00e3o<\/p>\n<p class=\"notadestaquehifem\">7h30 &#8211; Recep\u00e7\u00e3o na Base A\u00e9rea (Ora\u00e7\u00e3o)<\/p>\n<p class=\"notadestaquehifem\">8h30 &#8211; Entrega da imagem \u00e0 Arquidiocese de Niter\u00f3i<\/p>\n<p class=\"notadestaquehifem\">12h &#8211; Missa na Catedral de S\u00e3o Jo\u00e3o Batista, em Niter\u00f3i<\/p>\n<p class=\"notadestaquehifem\">13h30 &#8211; Entrega da imagem pela Arquidiocese de Niter\u00f3i \u00e0 Arquidiocese do Rio<\/p>\n<p class=\"notadestaquehifem\">14h30 &#8211; Visita \u00e0 Dufry do Brasil<\/p>\n<p class=\"notadestaquehifem\">15h30 &#8211; Deslocamento mar\u00edtimo para Paquet\u00e1<\/p>\n<p class=\"notadestaquehifem\">19h30 &#8211; Sa\u00edda de Paquet\u00e1<\/p>\n<p class=\"entretitulo\" align=\"left\"><strong>S\u00e1bado, dia 1\u00b0 de setembro<\/strong><\/p>\n<p class=\"notadestaquehifem\">9h &#8211; Missa \u201cO Rio Celebra\u201d &#8211; Apresenta\u00e7\u00e3o do bispo coadjutor de Nova Igua\u00e7u, Dom Gilson Andrade da Silva, na Catedral de Santo Ant\u00f4nio, Avenida Marechal Floriano Peixoto, 2.264 &#8211; em Nova Igua\u00e7u.<\/p>\n<p class=\"notadestaquehifem\">12h30 &#8211; Capela Nossa Senhora de Nazar\u00e9, Rua S\u00e3o Marcelo, 15 &#8211; Camorim.<\/p>\n<p class=\"notadestaquehifem\">14h30 &#8211; Visita \u00e0 Par\u00f3quia Nossa Senhora do Loreto, Ladeira da Freguesia, 375 &#8211; Freguesia<\/p>\n<p class=\"notadestaquehifem\">15h30 &#8211; Visita \u00e0 Casa Nossa Senhora de Bel\u00e9m, Rua Edgar Werneck, 217 &#8211; Pechincha<\/p>\n<p class=\"notadestaquehifem\">16h &#8211; Ter\u00e7o no Col\u00e9gio Santo Ant\u00f4nio, Rua Edgar Werneck, 431 &#8211; Pechincha<\/p>\n<p class=\"notadestaquehifem\">17h30 &#8211; Missa e Crisma na Par\u00f3quia Jesus de Nazar\u00e9 &#8211; Rua Ivanildo Alves, 83 &#8211; Mar\u00e9 &#8211; Bonsucesso<\/p>\n<p class=\"notadestaquehifem\">20h &#8211; Chegada \u00e0 Igreja Nossa Senhora de Nazar\u00e9, Anchieta (acolhimento, missa e vig\u00edlia durante toda a noite)<\/p>\n<p class=\"entretitulo\" align=\"left\"><strong>Domingo, dia 2 de setembro<\/strong><\/p>\n<p class=\"notadestaquehifem\">9h &#8211; Missa na Igreja S\u00e3o Paulo Ap\u00f3stolo, Rua Bar\u00e3o de Ipanema, 85 &#8211; Copacabana<\/p>\n<p class=\"notadestaquehifem\">10h30 &#8211; Visita ao Instituto Brando Barbosa (IBB), na Rua Lopes Quintas, Jardim Bot\u00e2nico, com o lan\u00e7amento do livro \u2018Guarda o C\u00edrio de Nazar\u00e9\u2019, da fot\u00f3grafa paulista Soraya Montanheiro.<\/p>\n<p class=\"notadestaquehifem\">11h45 &#8211; Missa na Bas\u00edlica Santu\u00e1rio de S\u00e3o Sebasti\u00e3o &#8211; Rua Haddock Lobo, 266 &#8211; Tijuca<\/p>\n<p class=\"notadestaquehifem\">13h30 &#8211; Visita ao Centro de Tradi\u00e7\u00f5es Nordestinas, S\u00e3o Crist\u00f3v\u00e3o<\/p>\n<p class=\"notadestaquehifem\">15h30 &#8211; Visita \u00e0 Capela Nossa Senhora de Nazar\u00e9, Pra\u00e7a Amaz\u00f4nia, s\/n &#8211; Cacuia<\/p>\n<p>17h &#8211; Chegada na Par\u00f3quia Nossa Senhora de Nazar\u00e9 e Santos M\u00e1rtires Ugandenses, Acari (MiniC\u00edrio, em seguida missa)<\/p>\n<p>Foto: Gustavo de Oliveira<\/p>\n<p>Informa\u00e7\u00f5es: Arquidiocese do Rio de Janeiro (RJ)<\/p>\n","protected":false},"excerpt":{"rendered":"<p>De 31 de agosto a 2 de setembro, o Rio de Janeiro estar\u00e1 recebendo a visita da imagem peregrina de Nossa Senhora de Nazar\u00e9, a padroeira do povo paraense e a Rainha da Amaz\u00f4nia. A 10\u00aa edi\u00e7\u00e3o do C\u00edrio de Nazar\u00e9 Rio, como ficou conhecido, tem como tema neste ano: \u201cUma jovem chamada Maria\u201d. A&nbsp;<\/p>\n<p><a class=\"btn btn-style\" href=\"http:\/\/portalcatolico.net\/portal\/rio-recebe-visita-da-padroeira-dos-paraenses\/\">Continue Reading<\/a><\/p>\n","protected":false},"author":2,"featured_media":57894,"comment_status":"open","ping_status":"open","sticky":false,"template":"","format":"standard","meta":{"footnotes":""},"categories":[3],"tags":[],"class_list":["post-57893","post","type-post","status-publish","format-standard","has-post-thumbnail","hentry","category-noticias_regionais"],"_links":{"self":[{"href":"http:\/\/portalcatolico.net\/portal\/wp-json\/wp\/v2\/posts\/57893","targetHints":{"allow":["GET"]}}],"collection":[{"href":"http:\/\/portalcatolico.net\/portal\/wp-json\/wp\/v2\/posts"}],"about":[{"href":"http:\/\/portalcatolico.net\/portal\/wp-json\/wp\/v2\/types\/post"}],"author":[{"embeddable":true,"href":"http:\/\/portalcatolico.net\/portal\/wp-json\/wp\/v2\/users\/2"}],"replies":[{"embeddable":true,"href":"http:\/\/portalcatolico.net\/portal\/wp-json\/wp\/v2\/comments?post=57893"}],"version-history":[{"count":2,"href":"http:\/\/portalcatolico.net\/portal\/wp-json\/wp\/v2\/posts\/57893\/revisions"}],"predecessor-version":[{"id":57896,"href":"http:\/\/portalcatolico.net\/portal\/wp-json\/wp\/v2\/posts\/57893\/revisions\/57896"}],"wp:featuredmedia":[{"embeddable":true,"href":"http:\/\/portalcatolico.net\/portal\/wp-json\/wp\/v2\/media\/57894"}],"wp:attachment":[{"href":"http:\/\/portalcatolico.net\/portal\/wp-json\/wp\/v2\/media?parent=57893"}],"wp:term":[{"taxonomy":"category","embeddable":true,"href":"http:\/\/portalcatolico.net\/portal\/wp-json\/wp\/v2\/categories?post=57893"},{"taxonomy":"post_tag","embeddable":true,"href":"http:\/\/portalcatolico.net\/portal\/wp-json\/wp\/v2\/tags?post=57893"}],"curies":[{"name":"wp","href":"https:\/\/api.w.org\/{rel}","templated":true}]}}