{"id":57890,"date":"2018-08-29T20:04:25","date_gmt":"2018-08-29T23:04:25","guid":{"rendered":"http:\/\/portalcatolico.net\/portal\/?p=57890"},"modified":"2018-08-29T20:04:25","modified_gmt":"2018-08-29T23:04:25","slug":"juventude-catolica-se-prepara-para-a-celebracao-do-crisjovem","status":"publish","type":"post","link":"http:\/\/portalcatolico.net\/portal\/juventude-catolica-se-prepara-para-a-celebracao-do-crisjovem\/","title":{"rendered":"Juventude cat\u00f3lica se prepara para a celebra\u00e7\u00e3o do Crisjovem"},"content":{"rendered":"<p><strong>A oitava edi\u00e7\u00e3o do Crisjovem ser\u00e1 realizada&nbsp; no dia 21 de outubro em Cama\u00e7ari<br \/>\n<\/strong><\/p>\n<p>A equipe do Setor Juventude da Diocese de Cama\u00e7ari se reuniu, no \u00faltimo s\u00e1bado (25), com representantes jovens das diversas par\u00f3quias da diocese para planejar o Crisjovem, evento que a cada ano celebra o Dia Nacional da Juventude.<\/p>\n<p>O encontro foi realizado no Centro Diocesano S\u00e3o Jo\u00e3o Paulo II e teve como objetivo planejar o evento que j\u00e1 \u00e9 tradi\u00e7\u00e3o entre os jovens cat\u00f3licos. Este ano o Crisjovem retorna para a cidade de Cama\u00e7ari e s\u00e3o esperados dois mil jovens.<\/p>\n<p>O coordenador diocesano do Setor Juventude, Marcos Paulo Neres, explica como \u00e9 organizado o evento para que tenha em cada detalhe as diversas express\u00f5es da juventude \u201cNos preparamos primeiramente com a coordena\u00e7\u00e3o do Setor Juventude para definir a estrutura do evento, atra\u00e7\u00f5es e logo em seguida n\u00f3s vamos dividindo atrav\u00e9s das lideran\u00e7as as equipes de trabalho, para que cada um d\u00ea seu tom, para que esse evento torne-se a cara, cultura e espiritualidade da juventude da Diocese de Cama\u00e7ari\u201d.<\/p>\n<p><strong>CRISJOVEM<\/strong><\/p>\n<p>O Crisjovem ser\u00e1 realizado no dia 21 de outubro em Cama\u00e7ari e neste ano traz a mesma tem\u00e1tica da Jornada Mundial da Juventude (JMJ), \u201cEis aqui a serva do Senhor. Fa\u00e7a-se em mim segundo a tua palavra\u201d (Lc 1,38). A JMJ acontecer\u00e1 em janeiro de 2019 no Panam\u00e1.<\/p>\n<p>As novidades do Setor Juventude podem ser acompanhadas atrav\u00e9s do instagram @setordajuventude ou ainda pela p\u00e1gina:&nbsp;<a href=\"http:\/\/www.facebook.com\/JuventudeDioceseDeCamacari\/\">www.facebook.com\/JuventudeDioceseDeCamacari\/<\/a><\/p>\n<p>Fonte:Diocese de Cama\u00e7ari<\/p>\n","protected":false},"excerpt":{"rendered":"<p>A oitava edi\u00e7\u00e3o do Crisjovem ser\u00e1 realizada&nbsp; no dia 21 de outubro em Cama\u00e7ari A equipe do Setor Juventude da Diocese de Cama\u00e7ari se reuniu, no \u00faltimo s\u00e1bado (25), com representantes jovens das diversas par\u00f3quias da diocese para planejar o Crisjovem, evento que a cada ano celebra o Dia Nacional da Juventude. O encontro foi&nbsp;<\/p>\n<p><a class=\"btn btn-style\" href=\"http:\/\/portalcatolico.net\/portal\/juventude-catolica-se-prepara-para-a-celebracao-do-crisjovem\/\">Continue Reading<\/a><\/p>\n","protected":false},"author":2,"featured_media":57891,"comment_status":"open","ping_status":"open","sticky":false,"template":"","format":"standard","meta":{"footnotes":""},"categories":[3],"tags":[],"class_list":["post-57890","post","type-post","status-publish","format-standard","has-post-thumbnail","hentry","category-noticias_regionais"],"_links":{"self":[{"href":"http:\/\/portalcatolico.net\/portal\/wp-json\/wp\/v2\/posts\/57890","targetHints":{"allow":["GET"]}}],"collection":[{"href":"http:\/\/portalcatolico.net\/portal\/wp-json\/wp\/v2\/posts"}],"about":[{"href":"http:\/\/portalcatolico.net\/portal\/wp-json\/wp\/v2\/types\/post"}],"author":[{"embeddable":true,"href":"http:\/\/portalcatolico.net\/portal\/wp-json\/wp\/v2\/users\/2"}],"replies":[{"embeddable":true,"href":"http:\/\/portalcatolico.net\/portal\/wp-json\/wp\/v2\/comments?post=57890"}],"version-history":[{"count":1,"href":"http:\/\/portalcatolico.net\/portal\/wp-json\/wp\/v2\/posts\/57890\/revisions"}],"predecessor-version":[{"id":57892,"href":"http:\/\/portalcatolico.net\/portal\/wp-json\/wp\/v2\/posts\/57890\/revisions\/57892"}],"wp:featuredmedia":[{"embeddable":true,"href":"http:\/\/portalcatolico.net\/portal\/wp-json\/wp\/v2\/media\/57891"}],"wp:attachment":[{"href":"http:\/\/portalcatolico.net\/portal\/wp-json\/wp\/v2\/media?parent=57890"}],"wp:term":[{"taxonomy":"category","embeddable":true,"href":"http:\/\/portalcatolico.net\/portal\/wp-json\/wp\/v2\/categories?post=57890"},{"taxonomy":"post_tag","embeddable":true,"href":"http:\/\/portalcatolico.net\/portal\/wp-json\/wp\/v2\/tags?post=57890"}],"curies":[{"name":"wp","href":"https:\/\/api.w.org\/{rel}","templated":true}]}}