{"id":57887,"date":"2018-08-29T19:46:04","date_gmt":"2018-08-29T22:46:04","guid":{"rendered":"http:\/\/portalcatolico.net\/portal\/?p=57887"},"modified":"2018-08-29T19:46:04","modified_gmt":"2018-08-29T22:46:04","slug":"nova-emissora-de-radio-catolica-e-inaugurada-no-quenia","status":"publish","type":"post","link":"http:\/\/portalcatolico.net\/portal\/nova-emissora-de-radio-catolica-e-inaugurada-no-quenia\/","title":{"rendered":"Nova emissora de r\u00e1dio cat\u00f3lica \u00e9 inaugurada no Qu\u00eania"},"content":{"rendered":"<p>Os cat\u00f3licos do Qu\u00eania acabam de ganhar uma nova emissora de r\u00e1dio cat\u00f3lica. Localizada na par\u00f3quia de S\u00e3o Pedro, a &#8216;Osotua Catholic Radio 89.0 FM&#8217; \u00e9 a primeira emissora cat\u00f3lica a transmitir no Condado de Narok, nas l\u00ednguas sua\u00edli e massai.<\/p>\n<p>A inaugura\u00e7\u00e3o da R\u00e1dio Osotua \u00e9 parte de um plano para as comunica\u00e7\u00f5es sociais da Confer\u00eancia Episcopal para o per\u00edodo 2016-2020, que prev\u00ea a cria\u00e7\u00e3o de vinte esta\u00e7\u00f5es de r\u00e1dio cat\u00f3licas em vinte dioceses at\u00e9 2020.<\/p>\n<p>O Bispo de Ngong e vice-presidente da Confer\u00eancia Episcopal do Qu\u00eania (KCCB), Dom John Oballa Owaa, esteve presente na inaugura\u00e7\u00e3o. Em seu discurso, o prelado explicou que a nova emissora cat\u00f3lica se tornar\u00e1 uma ferramenta obrigat\u00f3ria para a evangeliza\u00e7\u00e3o.<\/p>\n<p>&#8220;Por meio dela, os ouvintes receber\u00e3o educa\u00e7\u00e3o espiritual e material, iluminando a todos na comunidade sobre a import\u00e2ncia de se concentrar na moral e combater a corrup\u00e7\u00e3o, a etnicidade, o ego\u00edsmo e a gan\u00e2ncia, ajudando toda a comunidade a viver como verdadeiros irm\u00e3os e irm\u00e3s \u00e0 imagem de Deus&#8221;, ressaltou.<\/p>\n<p>Dom Oballa agradeceu ainda \u00e0 Comiss\u00e3o Episcopal para as Comunica\u00e7\u00f5es Sociais, doadores e operadores de r\u00e1dio Osotua pela generosidade e apoio na realiza\u00e7\u00e3o da nova emissora.<\/p>\n<p>Dirigindo-se \u00e0s par\u00f3quias, comunidades crist\u00e3s, amigos da Diocese e doadores privados, o Bispo exortou para que continuem a apoiar a r\u00e1dio, a fim de melhorar o seu servi\u00e7o e dessa forma se alcance o maior n\u00famero poss\u00edvel de pessoas, para difundir o Evangelho de Cristo em todos os cantos.<\/p>\n<p>Samuel Tunai, governador do Condado de Narok, manifestou seu desejo de que a comunidade massai colha grandes benef\u00edcios da r\u00e1dio cat\u00f3lica e prometeu ajuda por parte do governo e de empresas privadas que anunciar\u00e3o na r\u00e1dio Osotua. (Gaudiumpress)<\/p>\n","protected":false},"excerpt":{"rendered":"<p>Os cat\u00f3licos do Qu\u00eania acabam de ganhar uma nova emissora de r\u00e1dio cat\u00f3lica. Localizada na par\u00f3quia de S\u00e3o Pedro, a &#8216;Osotua Catholic Radio 89.0 FM&#8217; \u00e9 a primeira emissora cat\u00f3lica a transmitir no Condado de Narok, nas l\u00ednguas sua\u00edli e massai. A inaugura\u00e7\u00e3o da R\u00e1dio Osotua \u00e9 parte de um plano para as comunica\u00e7\u00f5es sociais&nbsp;<\/p>\n<p><a class=\"btn btn-style\" href=\"http:\/\/portalcatolico.net\/portal\/nova-emissora-de-radio-catolica-e-inaugurada-no-quenia\/\">Continue Reading<\/a><\/p>\n","protected":false},"author":2,"featured_media":57888,"comment_status":"open","ping_status":"open","sticky":false,"template":"","format":"standard","meta":{"footnotes":""},"categories":[5],"tags":[],"class_list":["post-57887","post","type-post","status-publish","format-standard","has-post-thumbnail","hentry","category-igreja_no_mundo"],"_links":{"self":[{"href":"http:\/\/portalcatolico.net\/portal\/wp-json\/wp\/v2\/posts\/57887","targetHints":{"allow":["GET"]}}],"collection":[{"href":"http:\/\/portalcatolico.net\/portal\/wp-json\/wp\/v2\/posts"}],"about":[{"href":"http:\/\/portalcatolico.net\/portal\/wp-json\/wp\/v2\/types\/post"}],"author":[{"embeddable":true,"href":"http:\/\/portalcatolico.net\/portal\/wp-json\/wp\/v2\/users\/2"}],"replies":[{"embeddable":true,"href":"http:\/\/portalcatolico.net\/portal\/wp-json\/wp\/v2\/comments?post=57887"}],"version-history":[{"count":1,"href":"http:\/\/portalcatolico.net\/portal\/wp-json\/wp\/v2\/posts\/57887\/revisions"}],"predecessor-version":[{"id":57889,"href":"http:\/\/portalcatolico.net\/portal\/wp-json\/wp\/v2\/posts\/57887\/revisions\/57889"}],"wp:featuredmedia":[{"embeddable":true,"href":"http:\/\/portalcatolico.net\/portal\/wp-json\/wp\/v2\/media\/57888"}],"wp:attachment":[{"href":"http:\/\/portalcatolico.net\/portal\/wp-json\/wp\/v2\/media?parent=57887"}],"wp:term":[{"taxonomy":"category","embeddable":true,"href":"http:\/\/portalcatolico.net\/portal\/wp-json\/wp\/v2\/categories?post=57887"},{"taxonomy":"post_tag","embeddable":true,"href":"http:\/\/portalcatolico.net\/portal\/wp-json\/wp\/v2\/tags?post=57887"}],"curies":[{"name":"wp","href":"https:\/\/api.w.org\/{rel}","templated":true}]}}