{"id":57877,"date":"2018-08-29T13:35:40","date_gmt":"2018-08-29T16:35:40","guid":{"rendered":"http:\/\/portalcatolico.net\/portal\/?p=57877"},"modified":"2018-08-29T19:40:10","modified_gmt":"2018-08-29T22:40:10","slug":"sao-joao-batista-e-celebrado-em-itabuna","status":"publish","type":"post","link":"http:\/\/portalcatolico.net\/portal\/sao-joao-batista-e-celebrado-em-itabuna\/","title":{"rendered":"S\u00e3o Jo\u00e3o Batista \u00e9 celebrado em Itabuna"},"content":{"rendered":"<p style=\"font-weight: 400;\">A Par\u00f3quia de Nossa Senhora de F\u00e1tima em Itabuna (BA) est\u00e1 celebrando o&nbsp;Tr\u00edduo em honra \u00e0 S\u00e3o Jo\u00e3o Batista, padroeiro do bairro Jo\u00e3o Soares,&nbsp;em Itabuna (BA).<\/p>\n<p style=\"font-weight: 400;\">O tema central da festa para este ano nacional do laicato \u00e9: &#8220;Crist\u00e3os&nbsp;leigos&nbsp; e leigas&nbsp; na igreja e na sociedade: Sal da Terra e Luz do&nbsp;mundo&#8221;. (Mt 5,13-14).<br \/>\nA abertura do Tr\u00edduo e festa do padroeiro do bairro, teve&nbsp;in\u00edcio no domingo (26), \u00e0s 17h, com a presid\u00eancia do Bispo Diocesano, Dom&nbsp;Carlos Alberto dos Santos.<br \/>\nNesta ter\u00e7a-feira (28), os preparativos&nbsp; iniciaram \u00e0s 18h30 com&nbsp; ter\u00e7o&nbsp;o ter\u00e7oMariano e&nbsp;&nbsp;contou com a participa\u00e7\u00e3o das pastorais, movimentos e grupo de ora\u00e7\u00e3o. &nbsp;<br \/>\n\u00c0s 19h, aconteceu a Santa Missa com a presid\u00eancia do&nbsp; Padre Nicolau&nbsp;Klak (p\u00e1roco da Par\u00f3quia Nossa Senhora de F\u00e1tima) e foi concelebrada&nbsp; pelos&nbsp; di\u00e1conos permanentes da Diocese de Itabuna:&nbsp; Di\u00e1cono Trajano Oswaldo,&nbsp;Jos\u00e9 Ara\u00fajo e Erisvaldo Jos\u00e9.<\/p>\n<p style=\"font-weight: 400;\">\nO Subtema da noite foi: &#8220;A a\u00e7\u00e3o transformadora na Igreja e no mundo&#8221;, refletido pelo di\u00e1cono Erisvaldo Jos\u00e9, que na oportunidade, disse: &#8220;Cristo \u00e9 o sinal de Deus. \u00c9 o Reino de Deus presente no meio de Deus. Deus sempre quis contar com a nossa contribui\u00e7\u00e3o para anunciar o Seu Reino. E a a\u00e7\u00e3o da Igreja \u00e9 essa: anunciar o Reino de Jesus. Mas, para isso \u00e9 necess\u00e1rio que possamos compreender o que \u00e9 a Igreja. Quando n\u00f3s falamos de Igreja, n\u00e3o estamos falando apenas do templo, do espa\u00e7o celebrativo, n\u00f3s estamos falando do que compreende esta Igreja&#8221;.<\/p>\n<p style=\"font-weight: 400;\">Nesta quarta-feira (29), acontece uma programa\u00e7\u00e3o especial para celebrar o dia festivo.\u00c0s&nbsp;18h tem Acolhida, e em seguida, Ter\u00e7o Mission\u00e1rio. Para este momento, \u00e9 necess\u00e1rio levar&nbsp; uma vela.\u00c0s 19h, tem celebra\u00e7\u00e3o eucar\u00edstica com a presid\u00eancia do Pe. Nicolau&nbsp; Klak e o tema a ser refletido ser\u00e1: &#8220;Mart\u00edrio de S\u00e3o Jo\u00e3o Batista e lema: Salda Terra e Luz do Mundo&#8221;.<\/p>\n<p style=\"font-weight: 400;\">Participe!<\/p>\n<p style=\"font-weight: 400;\">Texto e fotos:Portal Cat\u00f3lico.Net<\/p>\n<p><img loading=\"lazy\" decoding=\"async\" class=\"alignnone size-medium wp-image-57880\" src=\"http:\/\/portalcatolico.net\/portal\/wp-content\/uploads\/2018\/08\/40273294_918996001644743_5434033588297269248_n-300x200.jpg\" alt=\"\" width=\"300\" height=\"200\" srcset=\"http:\/\/portalcatolico.net\/portal\/wp-content\/uploads\/2018\/08\/40273294_918996001644743_5434033588297269248_n-300x200.jpg 300w, http:\/\/portalcatolico.net\/portal\/wp-content\/uploads\/2018\/08\/40273294_918996001644743_5434033588297269248_n-768x512.jpg 768w, http:\/\/portalcatolico.net\/portal\/wp-content\/uploads\/2018\/08\/40273294_918996001644743_5434033588297269248_n.jpg 960w\" sizes=\"auto, (max-width: 300px) 100vw, 300px\" \/> <img loading=\"lazy\" decoding=\"async\" class=\"alignnone size-medium wp-image-57881\" src=\"http:\/\/portalcatolico.net\/portal\/wp-content\/uploads\/2018\/08\/40276262_918995308311479_4628029412665720832_n-300x200.jpg\" alt=\"\" width=\"300\" height=\"200\" srcset=\"http:\/\/portalcatolico.net\/portal\/wp-content\/uploads\/2018\/08\/40276262_918995308311479_4628029412665720832_n-300x200.jpg 300w, http:\/\/portalcatolico.net\/portal\/wp-content\/uploads\/2018\/08\/40276262_918995308311479_4628029412665720832_n-768x512.jpg 768w, http:\/\/portalcatolico.net\/portal\/wp-content\/uploads\/2018\/08\/40276262_918995308311479_4628029412665720832_n.jpg 960w\" sizes=\"auto, (max-width: 300px) 100vw, 300px\" \/> <img loading=\"lazy\" decoding=\"async\" class=\"alignnone size-medium wp-image-57882\" src=\"http:\/\/portalcatolico.net\/portal\/wp-content\/uploads\/2018\/08\/40282008_918996264978050_748601890475868160_n-300x200.jpg\" alt=\"\" width=\"300\" height=\"200\" srcset=\"http:\/\/portalcatolico.net\/portal\/wp-content\/uploads\/2018\/08\/40282008_918996264978050_748601890475868160_n-300x200.jpg 300w, http:\/\/portalcatolico.net\/portal\/wp-content\/uploads\/2018\/08\/40282008_918996264978050_748601890475868160_n-768x512.jpg 768w, http:\/\/portalcatolico.net\/portal\/wp-content\/uploads\/2018\/08\/40282008_918996264978050_748601890475868160_n.jpg 960w\" sizes=\"auto, (max-width: 300px) 100vw, 300px\" \/><img loading=\"lazy\" decoding=\"async\" class=\"alignnone size-medium wp-image-57884\" src=\"http:\/\/portalcatolico.net\/portal\/wp-content\/uploads\/2018\/08\/40279133_918996441644699_1093221175724605440_n-300x200.jpg\" alt=\"\" width=\"300\" height=\"200\" srcset=\"http:\/\/portalcatolico.net\/portal\/wp-content\/uploads\/2018\/08\/40279133_918996441644699_1093221175724605440_n-300x200.jpg 300w, http:\/\/portalcatolico.net\/portal\/wp-content\/uploads\/2018\/08\/40279133_918996441644699_1093221175724605440_n-768x512.jpg 768w, http:\/\/portalcatolico.net\/portal\/wp-content\/uploads\/2018\/08\/40279133_918996441644699_1093221175724605440_n.jpg 960w\" sizes=\"auto, (max-width: 300px) 100vw, 300px\" \/><\/p>\n","protected":false},"excerpt":{"rendered":"<p>A Par\u00f3quia de Nossa Senhora de F\u00e1tima em Itabuna (BA) est\u00e1 celebrando o&nbsp;Tr\u00edduo em honra \u00e0 S\u00e3o Jo\u00e3o Batista, padroeiro do bairro Jo\u00e3o Soares,&nbsp;em Itabuna (BA). O tema central da festa para este ano nacional do laicato \u00e9: &#8220;Crist\u00e3os&nbsp;leigos&nbsp; e leigas&nbsp; na igreja e na sociedade: Sal da Terra e Luz do&nbsp;mundo&#8221;. (Mt 5,13-14). A&nbsp;<\/p>\n<p><a class=\"btn btn-style\" href=\"http:\/\/portalcatolico.net\/portal\/sao-joao-batista-e-celebrado-em-itabuna\/\">Continue Reading<\/a><\/p>\n","protected":false},"author":2,"featured_media":57878,"comment_status":"open","ping_status":"open","sticky":false,"template":"","format":"standard","meta":{"footnotes":""},"categories":[68],"tags":[],"class_list":["post-57877","post","type-post","status-publish","format-standard","has-post-thumbnail","hentry","category-homilias"],"_links":{"self":[{"href":"http:\/\/portalcatolico.net\/portal\/wp-json\/wp\/v2\/posts\/57877","targetHints":{"allow":["GET"]}}],"collection":[{"href":"http:\/\/portalcatolico.net\/portal\/wp-json\/wp\/v2\/posts"}],"about":[{"href":"http:\/\/portalcatolico.net\/portal\/wp-json\/wp\/v2\/types\/post"}],"author":[{"embeddable":true,"href":"http:\/\/portalcatolico.net\/portal\/wp-json\/wp\/v2\/users\/2"}],"replies":[{"embeddable":true,"href":"http:\/\/portalcatolico.net\/portal\/wp-json\/wp\/v2\/comments?post=57877"}],"version-history":[{"count":4,"href":"http:\/\/portalcatolico.net\/portal\/wp-json\/wp\/v2\/posts\/57877\/revisions"}],"predecessor-version":[{"id":57886,"href":"http:\/\/portalcatolico.net\/portal\/wp-json\/wp\/v2\/posts\/57877\/revisions\/57886"}],"wp:featuredmedia":[{"embeddable":true,"href":"http:\/\/portalcatolico.net\/portal\/wp-json\/wp\/v2\/media\/57878"}],"wp:attachment":[{"href":"http:\/\/portalcatolico.net\/portal\/wp-json\/wp\/v2\/media?parent=57877"}],"wp:term":[{"taxonomy":"category","embeddable":true,"href":"http:\/\/portalcatolico.net\/portal\/wp-json\/wp\/v2\/categories?post=57877"},{"taxonomy":"post_tag","embeddable":true,"href":"http:\/\/portalcatolico.net\/portal\/wp-json\/wp\/v2\/tags?post=57877"}],"curies":[{"name":"wp","href":"https:\/\/api.w.org\/{rel}","templated":true}]}}