{"id":57873,"date":"2018-08-29T06:11:35","date_gmt":"2018-08-29T09:11:35","guid":{"rendered":"http:\/\/portalcatolico.net\/portal\/?p=57873"},"modified":"2018-08-29T06:11:35","modified_gmt":"2018-08-29T09:11:35","slug":"conselho-missionario-realizou-encontro-formativo-missionario-em-itabuna","status":"publish","type":"post","link":"http:\/\/portalcatolico.net\/portal\/conselho-missionario-realizou-encontro-formativo-missionario-em-itabuna\/","title":{"rendered":"Conselho Mission\u00e1rio realizou Encontro Formativo Mission\u00e1rio em Itabuna"},"content":{"rendered":"<p>&#8220;Leva-me onde os homens necessitem tuas Palavras, necessitem sentido de viver&#8221;.<\/p>\n<p>O Conselho Mission\u00e1rio Diocesano (COMIDI) realizou nos dias 25 e 26 de agosto o Encontro Formativo Mission\u00e1rio no Sal\u00e3o da Catedral S\u00e3o Jos\u00e9. O objetivo desse encontro foi a implanta\u00e7\u00e3o dos Conselhos Mission\u00e1rios Paroquiais (COMIPAS), ministrada com excel\u00eancia por Padre Marcos Alc\u00e2ntara (coordenador do COMIRE). Agradecemos o apoio do nosso Bispo D. Carlos Alberto, do nosso assessor<img loading=\"lazy\" decoding=\"async\" class=\" wp-image-57875 alignright\" src=\"http:\/\/portalcatolico.net\/portal\/wp-content\/uploads\/2018\/08\/40257942_2271676222874993_6787229469456203776_n-300x225.jpg\" alt=\"\" width=\"260\" height=\"195\" srcset=\"http:\/\/portalcatolico.net\/portal\/wp-content\/uploads\/2018\/08\/40257942_2271676222874993_6787229469456203776_n-300x225.jpg 300w, http:\/\/portalcatolico.net\/portal\/wp-content\/uploads\/2018\/08\/40257942_2271676222874993_6787229469456203776_n-768x576.jpg 768w, http:\/\/portalcatolico.net\/portal\/wp-content\/uploads\/2018\/08\/40257942_2271676222874993_6787229469456203776_n.jpg 960w\" sizes=\"auto, (max-width: 260px) 100vw, 260px\" \/> Pe. Nicolau e<span class=\"text_exposed_show\">&nbsp;do Clero da Forania Centro para realiza\u00e7\u00e3o desse Encontro Mission\u00e1rio. Houve \u00f3tima participa\u00e7\u00e3o dos leigos mission\u00e1rios das Paroquias: Catedral&nbsp;Igreja Catedral de S\u00e3o Jos\u00e9, S\u00e3o Judas Tadeu, Nossa Senhora de F\u00e1tima, Santa Maria Goretti, Santa Rita e Nossa Senhora Aparecida e Nossa Senhora da Concei\u00e7\u00e3o.&nbsp;<br \/>\nAgradecemos aos nossos sacerdotes que se fizeram presentes Pe. Nicolau, Pe. Gilvan, Pe. Ac\u00e1ssio e Pe. Ezequias.&nbsp;<br \/>\nAs sementes foram lan\u00e7adas! aos mission\u00e1rios o cultivo! a Deus os frutos!<\/span><\/p>\n<p>Texto e fotos:Diocese de Itabuna<\/p>\n","protected":false},"excerpt":{"rendered":"<p>&#8220;Leva-me onde os homens necessitem tuas Palavras, necessitem sentido de viver&#8221;. O Conselho Mission\u00e1rio Diocesano (COMIDI) realizou nos dias 25 e 26 de agosto o Encontro Formativo Mission\u00e1rio no Sal\u00e3o da Catedral S\u00e3o Jos\u00e9. O objetivo desse encontro foi a implanta\u00e7\u00e3o dos Conselhos Mission\u00e1rios Paroquiais (COMIPAS), ministrada com excel\u00eancia por Padre Marcos Alc\u00e2ntara (coordenador do&nbsp;<\/p>\n<p><a class=\"btn btn-style\" href=\"http:\/\/portalcatolico.net\/portal\/conselho-missionario-realizou-encontro-formativo-missionario-em-itabuna\/\">Continue Reading<\/a><\/p>\n","protected":false},"author":2,"featured_media":57874,"comment_status":"open","ping_status":"open","sticky":false,"template":"","format":"standard","meta":{"footnotes":""},"categories":[2],"tags":[],"class_list":["post-57873","post","type-post","status-publish","format-standard","has-post-thumbnail","hentry","category-eventos"],"_links":{"self":[{"href":"http:\/\/portalcatolico.net\/portal\/wp-json\/wp\/v2\/posts\/57873","targetHints":{"allow":["GET"]}}],"collection":[{"href":"http:\/\/portalcatolico.net\/portal\/wp-json\/wp\/v2\/posts"}],"about":[{"href":"http:\/\/portalcatolico.net\/portal\/wp-json\/wp\/v2\/types\/post"}],"author":[{"embeddable":true,"href":"http:\/\/portalcatolico.net\/portal\/wp-json\/wp\/v2\/users\/2"}],"replies":[{"embeddable":true,"href":"http:\/\/portalcatolico.net\/portal\/wp-json\/wp\/v2\/comments?post=57873"}],"version-history":[{"count":1,"href":"http:\/\/portalcatolico.net\/portal\/wp-json\/wp\/v2\/posts\/57873\/revisions"}],"predecessor-version":[{"id":57876,"href":"http:\/\/portalcatolico.net\/portal\/wp-json\/wp\/v2\/posts\/57873\/revisions\/57876"}],"wp:featuredmedia":[{"embeddable":true,"href":"http:\/\/portalcatolico.net\/portal\/wp-json\/wp\/v2\/media\/57874"}],"wp:attachment":[{"href":"http:\/\/portalcatolico.net\/portal\/wp-json\/wp\/v2\/media?parent=57873"}],"wp:term":[{"taxonomy":"category","embeddable":true,"href":"http:\/\/portalcatolico.net\/portal\/wp-json\/wp\/v2\/categories?post=57873"},{"taxonomy":"post_tag","embeddable":true,"href":"http:\/\/portalcatolico.net\/portal\/wp-json\/wp\/v2\/tags?post=57873"}],"curies":[{"name":"wp","href":"https:\/\/api.w.org\/{rel}","templated":true}]}}