{"id":57870,"date":"2018-08-28T23:03:59","date_gmt":"2018-08-29T02:03:59","guid":{"rendered":"http:\/\/portalcatolico.net\/portal\/?p=57870"},"modified":"2018-08-28T23:03:59","modified_gmt":"2018-08-29T02:03:59","slug":"missa-de-envio-arquidiocese-de-salvador-se-despediu-de-dom-gilson","status":"publish","type":"post","link":"http:\/\/portalcatolico.net\/portal\/missa-de-envio-arquidiocese-de-salvador-se-despediu-de-dom-gilson\/","title":{"rendered":"Missa de envio: Arquidiocese de Salvador se despediu de Dom Gilson"},"content":{"rendered":"<p>A noite do dia 27 de agosto foi de muita emo\u00e7\u00e3o para os fi\u00e9is da Arquidiocese de Salvador. Das mais diversas par\u00f3quias, padres, di\u00e1conos, leigos e leigas, religiosos e religiosas se uniram diante do altar para louvar e agradecer a Deus pelos quase sete anos de pastoreio de Dom Gilson Andrade da Silva, bispo auxiliar de Salvador, que tomar\u00e1 posse como bispo coadjutor da Diocese de Nova Igua\u00e7u, no Rio de Janeiro no dia 1 de setembro. A Missa de envio aconteceu no Santu\u00e1rio Nossa Senhora de F\u00e1tima (Garcia).<\/p>\n<p>Logo no in\u00edcio da Celebra\u00e7\u00e3o Eucar\u00edstica, Dom Murilo lembrou algumas palavras que disse a Dom Gilson por ocasi\u00e3o da sua posse em Salvador, no dia 10 de outubro de 2011. \u201cPrimeiro, eu previ que o povo daqui o iria acolher muito bem. Voc\u00ea experimentou isso nestes sete anos de perman\u00eancia em nossa Arquidiocese. Em segundo lugar, previ que \u00e9 um povo festivo, muito alegre. Voc\u00ea seria capaz de calcular quantas vezes bateram palmas para voc\u00ea? Terceiro lugar, eu dizia \u2018voc\u00ea se sentir\u00e1 bem aqui\u2019. Hoje despede-se dessa Arquidiocese em resposta da nomea\u00e7\u00e3o do Papa Francisco, sucessor de Pedro\u201d afirmou.<\/p>\n<p>Dom Murilo falou, ainda, sobre o chamado de Deus, por meio da Igreja, que conduz, quem a Ele se entrega, por caminhos inesperados. \u201cSou testemunho de que, se fosse poss\u00edvel, continuaria mais tempo aqui e isso seria \u00f3timo para mim. E se dependesse do povo dessa Arquidiocese, voc\u00ea ficaria sempre aqui! Mas, assim \u00e9 a Igreja: precisa de n\u00f3s em lugares que nunca pensamos em ir. Assim \u00e9 a vida: marcada por mil despedidas, sempre dolorosas e sentidas\u201d, disse.<\/p>\n<p>Durante a homilia [leia a \u00edntegra da homilia&nbsp;<strong><a href=\"http:\/\/arquidiocesesalvador.org.br\/wp-content\/uploads\/sites\/114\/2018\/08\/aqui.pdf\">aqui<\/a><\/strong>], Dom Gilson falou sobre a passagem dele pela Arquidiocese de Salvador e se emocionou ao recordar alguns momentos vividos ao lado do povo baiano. \u201cAo longo desses sete anos aqui em Salvador, fui alcan\u00e7ado pela ora\u00e7\u00e3o de Jesus, que pede a unidade dos seus tamb\u00e9m de outra forma. Na comunh\u00e3o concreta que vivi dentro daquela que foi a minha casa, na resid\u00eancia episcopal, na bela experi\u00eancia comunit\u00e1ria com Dom Murilo, os bispos auxiliares, as irm\u00e3s e os funcion\u00e1rios. Agrade\u00e7o a Dom Murilo o seu zelo paterno, sua amizade fraterna, sua confian\u00e7a e seu exemplo de pastor totalmente dedicado ao servi\u00e7o do Reino. Confesso, Dom Murilo, que para mim foi um mimo de Nossa Senhora ter permitido que o meu minist\u00e9rio episcopal come\u00e7asse ao seu lado\u201d, disse.<\/p>\n<p>Ainda durante a homilia, Dom Gilson falou sobre a comunh\u00e3o vivida com os padres, os jovens, com os seminaristas. \u201cAs atividades pastorais me proporcionaram a oportunidade de estar pr\u00f3ximo de tantas pessoas e experimentar de tantas formas o carinho do nosso povo baiano, e sua forma simples e viva que me contagiou desde o in\u00edcio. Foi tamb\u00e9m a comunh\u00e3o que marcou a miss\u00e3o no Regional Nordeste 3, onde desde 2012 presto servi\u00e7o de secret\u00e1rio geral. Vivemos uma experi\u00eancia de fraternidade favorecida pela amizade, pelo conhecimento rec\u00edproco, pelo prazer de estar juntos\u201d, afirmou.<\/p>\n<p>Ao final da Missa, os fi\u00e9is presentes se despediram de Dom Gilson com abra\u00e7os afetuosos e mensagens de carinho. A Celebra\u00e7\u00e3o Eucar\u00edstica foi presidida por Dom Gilson e <a href=\"http:\/\/arquidiocesesalvador.org.br\/missa-de-envio-arquidiocese-de-salvador-se-despediu-de-dom-gilson\/\"><span style=\"color: #0000ff;\">continue lendo<\/span><\/a>.<\/p>\n","protected":false},"excerpt":{"rendered":"<p>A noite do dia 27 de agosto foi de muita emo\u00e7\u00e3o para os fi\u00e9is da Arquidiocese de Salvador. Das mais diversas par\u00f3quias, padres, di\u00e1conos, leigos e leigas, religiosos e religiosas se uniram diante do altar para louvar e agradecer a Deus pelos quase sete anos de pastoreio de Dom Gilson Andrade da Silva, bispo auxiliar&nbsp;<\/p>\n<p><a class=\"btn btn-style\" href=\"http:\/\/portalcatolico.net\/portal\/missa-de-envio-arquidiocese-de-salvador-se-despediu-de-dom-gilson\/\">Continue Reading<\/a><\/p>\n","protected":false},"author":2,"featured_media":57871,"comment_status":"open","ping_status":"open","sticky":false,"template":"","format":"standard","meta":{"footnotes":""},"categories":[68],"tags":[],"class_list":["post-57870","post","type-post","status-publish","format-standard","has-post-thumbnail","hentry","category-homilias"],"_links":{"self":[{"href":"http:\/\/portalcatolico.net\/portal\/wp-json\/wp\/v2\/posts\/57870","targetHints":{"allow":["GET"]}}],"collection":[{"href":"http:\/\/portalcatolico.net\/portal\/wp-json\/wp\/v2\/posts"}],"about":[{"href":"http:\/\/portalcatolico.net\/portal\/wp-json\/wp\/v2\/types\/post"}],"author":[{"embeddable":true,"href":"http:\/\/portalcatolico.net\/portal\/wp-json\/wp\/v2\/users\/2"}],"replies":[{"embeddable":true,"href":"http:\/\/portalcatolico.net\/portal\/wp-json\/wp\/v2\/comments?post=57870"}],"version-history":[{"count":1,"href":"http:\/\/portalcatolico.net\/portal\/wp-json\/wp\/v2\/posts\/57870\/revisions"}],"predecessor-version":[{"id":57872,"href":"http:\/\/portalcatolico.net\/portal\/wp-json\/wp\/v2\/posts\/57870\/revisions\/57872"}],"wp:featuredmedia":[{"embeddable":true,"href":"http:\/\/portalcatolico.net\/portal\/wp-json\/wp\/v2\/media\/57871"}],"wp:attachment":[{"href":"http:\/\/portalcatolico.net\/portal\/wp-json\/wp\/v2\/media?parent=57870"}],"wp:term":[{"taxonomy":"category","embeddable":true,"href":"http:\/\/portalcatolico.net\/portal\/wp-json\/wp\/v2\/categories?post=57870"},{"taxonomy":"post_tag","embeddable":true,"href":"http:\/\/portalcatolico.net\/portal\/wp-json\/wp\/v2\/tags?post=57870"}],"curies":[{"name":"wp","href":"https:\/\/api.w.org\/{rel}","templated":true}]}}