{"id":57864,"date":"2018-08-28T22:50:57","date_gmt":"2018-08-29T01:50:57","guid":{"rendered":"http:\/\/portalcatolico.net\/portal\/?p=57864"},"modified":"2018-08-28T22:52:39","modified_gmt":"2018-08-29T01:52:39","slug":"almadina-celebra-a-festa-de-sua-padroeira","status":"publish","type":"post","link":"http:\/\/portalcatolico.net\/portal\/almadina-celebra-a-festa-de-sua-padroeira\/","title":{"rendered":"Almadina celebra a festa de sua padroeira"},"content":{"rendered":"<div dir=\"auto\">A par\u00f3quia Nossa Senhora do Perp\u00e9tuo Socorro da cidade de Almadina, no sul da Bahia, est\u00e1 em festa! Com o tema central da festa: Crist\u00e3os leigos e leigas, sujeitos na Igreja em sa\u00edda, a servi\u00e7o do reino. Sal da Terra e Luz do Mundo&#8221;, est\u00e1 acontecendo na cidade, a festa em homenagem \u00e0 padroeira. A programa\u00e7\u00e3o ter\u00e1 in\u00edcio no dia 30 de agosto e segue at\u00e9 07 de setembro.<\/div>\n<div dir=\"auto\">A abertura das celebra\u00e7\u00f5es vai ser com uma carreata percorrendo as principais ruas e avenidas da cidade.&nbsp;<\/div>\n<div dir=\"auto\">A santa missa ser\u00e1 realizada todas as noites, \u00e0s 19h.&nbsp;<\/div>\n<div dir=\"auto\">No grande dia festivo, 08 de setembro, a missa solene com a presid\u00eancia do bispo Diocesano da Diocese de Ilh\u00e9us, Dom Mauro Montagnoli, acontecer\u00e1 \u00e0s 10h. \u00c0s 16h, acontecer\u00e3o os momentos de louvor e \u00e0s 17h, caminhada de f\u00e9 e b\u00ean\u00e7\u00e3o do Sant\u00edssimo Sacramento.&nbsp;<\/div>\n<div dir=\"auto\">Vale ressaltar que a Festa de Nossa Senhora do Perp\u00e9tuo Socorro est\u00e1 acontecendo num ano rico de celebra\u00e7\u00f5es: Ano do Laicato: um ano de muitas interpela\u00e7\u00f5es a partir do Doc. 105 CNBB e celebra\u00e7\u00e3o dos 100 Anos do nascimento de Dom Valfredo Tepe, 7\u00ba. Bispo da Diocese de Ilh\u00e9us, \u00e0quele que elevou a a esta comunidade \u00e0 Par\u00f3quia, que caminha para o seu Jubileu de Prata. Com todas essas motiva\u00e7\u00f5es, \u00e9 que a par\u00f3quia de Nossa Senhora do Perp\u00e9tuo Socorro convida voc\u00ea e seus familiares, para juntos, elevarem ao Deus da vida, o canto de gratid\u00e3o!<\/div>\n<div dir=\"auto\">Edi\u00e7\u00e3o de texto:Portal Cat\u00f3lico.Net\/Informa\u00e7\u00f5es:Pascom<\/div>\n<div dir=\"auto\">Confira a programa\u00e7\u00e3o:<\/div>\n<div dir=\"auto\"><img loading=\"lazy\" decoding=\"async\" class=\"wp-image-57866 aligncenter\" src=\"http:\/\/portalcatolico.net\/portal\/wp-content\/uploads\/2018\/08\/frente-213x300.jpg\" alt=\"\" width=\"740\" height=\"1042\" srcset=\"http:\/\/portalcatolico.net\/portal\/wp-content\/uploads\/2018\/08\/frente-213x300.jpg 213w, http:\/\/portalcatolico.net\/portal\/wp-content\/uploads\/2018\/08\/frente-768x1082.jpg 768w, http:\/\/portalcatolico.net\/portal\/wp-content\/uploads\/2018\/08\/frente-727x1024.jpg 727w\" sizes=\"auto, (max-width: 740px) 100vw, 740px\" \/> <img loading=\"lazy\" decoding=\"async\" class=\"wp-image-57867 alignnone\" src=\"http:\/\/portalcatolico.net\/portal\/wp-content\/uploads\/2018\/08\/PROJETO-CARTAZ-PADROEIRA-2018-212x300.jpg\" alt=\"\" width=\"740\" height=\"1047\" srcset=\"http:\/\/portalcatolico.net\/portal\/wp-content\/uploads\/2018\/08\/PROJETO-CARTAZ-PADROEIRA-2018-212x300.jpg 212w, http:\/\/portalcatolico.net\/portal\/wp-content\/uploads\/2018\/08\/PROJETO-CARTAZ-PADROEIRA-2018-768x1086.jpg 768w, http:\/\/portalcatolico.net\/portal\/wp-content\/uploads\/2018\/08\/PROJETO-CARTAZ-PADROEIRA-2018-724x1024.jpg 724w\" sizes=\"auto, (max-width: 740px) 100vw, 740px\" \/><\/div>\n","protected":false},"excerpt":{"rendered":"<p>A par\u00f3quia Nossa Senhora do Perp\u00e9tuo Socorro da cidade de Almadina, no sul da Bahia, est\u00e1 em festa! Com o tema central da festa: Crist\u00e3os leigos e leigas, sujeitos na Igreja em sa\u00edda, a servi\u00e7o do reino. Sal da Terra e Luz do Mundo&#8221;, est\u00e1 acontecendo na cidade, a festa em homenagem \u00e0 padroeira. A&nbsp;<\/p>\n<p><a class=\"btn btn-style\" href=\"http:\/\/portalcatolico.net\/portal\/almadina-celebra-a-festa-de-sua-padroeira\/\">Continue Reading<\/a><\/p>\n","protected":false},"author":2,"featured_media":57865,"comment_status":"open","ping_status":"open","sticky":false,"template":"","format":"standard","meta":{"footnotes":""},"categories":[1],"tags":[],"class_list":["post-57864","post","type-post","status-publish","format-standard","has-post-thumbnail","hentry","category-agenda"],"_links":{"self":[{"href":"http:\/\/portalcatolico.net\/portal\/wp-json\/wp\/v2\/posts\/57864","targetHints":{"allow":["GET"]}}],"collection":[{"href":"http:\/\/portalcatolico.net\/portal\/wp-json\/wp\/v2\/posts"}],"about":[{"href":"http:\/\/portalcatolico.net\/portal\/wp-json\/wp\/v2\/types\/post"}],"author":[{"embeddable":true,"href":"http:\/\/portalcatolico.net\/portal\/wp-json\/wp\/v2\/users\/2"}],"replies":[{"embeddable":true,"href":"http:\/\/portalcatolico.net\/portal\/wp-json\/wp\/v2\/comments?post=57864"}],"version-history":[{"count":2,"href":"http:\/\/portalcatolico.net\/portal\/wp-json\/wp\/v2\/posts\/57864\/revisions"}],"predecessor-version":[{"id":57869,"href":"http:\/\/portalcatolico.net\/portal\/wp-json\/wp\/v2\/posts\/57864\/revisions\/57869"}],"wp:featuredmedia":[{"embeddable":true,"href":"http:\/\/portalcatolico.net\/portal\/wp-json\/wp\/v2\/media\/57865"}],"wp:attachment":[{"href":"http:\/\/portalcatolico.net\/portal\/wp-json\/wp\/v2\/media?parent=57864"}],"wp:term":[{"taxonomy":"category","embeddable":true,"href":"http:\/\/portalcatolico.net\/portal\/wp-json\/wp\/v2\/categories?post=57864"},{"taxonomy":"post_tag","embeddable":true,"href":"http:\/\/portalcatolico.net\/portal\/wp-json\/wp\/v2\/tags?post=57864"}],"curies":[{"name":"wp","href":"https:\/\/api.w.org\/{rel}","templated":true}]}}