{"id":57861,"date":"2018-08-28T22:35:55","date_gmt":"2018-08-29T01:35:55","guid":{"rendered":"http:\/\/portalcatolico.net\/portal\/?p=57861"},"modified":"2018-08-28T22:35:55","modified_gmt":"2018-08-29T01:35:55","slug":"porto-seguro-sedia-o-vii-congresso-do-regional-ne3-da-pastoral-familiar","status":"publish","type":"post","link":"http:\/\/portalcatolico.net\/portal\/porto-seguro-sedia-o-vii-congresso-do-regional-ne3-da-pastoral-familiar\/","title":{"rendered":"Porto Seguro sedia o VII Congresso do Regional NE3 da Pastoral Familiar"},"content":{"rendered":"<div dir=\"auto\">A cidade de Porto Seguro (BA) sedia o 7\u00ba Congresso Regional da Pastoral Familiar, do Regional Nordeste 3 da CNBB (Bahia e Sergipe). Nos dias 07, 08 e 09 de setembro, a diocese anfitri\u00e3 ser\u00e1 a diocese de Eun\u00e1polis, no extremo sul da Bahia. O evento ser\u00e1 realizado no Centro de Conven\u00e7\u00f5es e ir\u00e1 reunir casais, coordenadores das dioceses que pertencem ao Regional, que buscam favorecer a fam\u00edlia e organizar e motivar as atividades evangelizadoras nas dioceses.&nbsp;<\/div>\n<div dir=\"auto\">O 7\u00ba Congresso da Pastoral Familiar ser\u00e1 um momento de forma\u00e7\u00e3o e partilha de experi\u00eancias, com o prop\u00f3sito de alicer\u00e7ar os trabalhos da Pastoral Familiar nas dimens\u00f5es que melhor explicitem o sentido de perten\u00e7a \u00e0 fam\u00edlia. Outras informa\u00e7\u00f5es e inscri\u00e7\u00f5es procure o coordenador diocesano de sua diocese. Participe!<\/div>\n<div dir=\"auto\">Texto:Reda\u00e7\u00e3o\/Portal Cat\u00f3lico.Net<\/div>\n","protected":false},"excerpt":{"rendered":"<p>A cidade de Porto Seguro (BA) sedia o 7\u00ba Congresso Regional da Pastoral Familiar, do Regional Nordeste 3 da CNBB (Bahia e Sergipe). Nos dias 07, 08 e 09 de setembro, a diocese anfitri\u00e3 ser\u00e1 a diocese de Eun\u00e1polis, no extremo sul da Bahia. O evento ser\u00e1 realizado no Centro de Conven\u00e7\u00f5es e ir\u00e1 reunir&nbsp;<\/p>\n<p><a class=\"btn btn-style\" href=\"http:\/\/portalcatolico.net\/portal\/porto-seguro-sedia-o-vii-congresso-do-regional-ne3-da-pastoral-familiar\/\">Continue Reading<\/a><\/p>\n","protected":false},"author":2,"featured_media":57862,"comment_status":"open","ping_status":"open","sticky":false,"template":"","format":"standard","meta":{"footnotes":""},"categories":[1],"tags":[],"class_list":["post-57861","post","type-post","status-publish","format-standard","has-post-thumbnail","hentry","category-agenda"],"_links":{"self":[{"href":"http:\/\/portalcatolico.net\/portal\/wp-json\/wp\/v2\/posts\/57861","targetHints":{"allow":["GET"]}}],"collection":[{"href":"http:\/\/portalcatolico.net\/portal\/wp-json\/wp\/v2\/posts"}],"about":[{"href":"http:\/\/portalcatolico.net\/portal\/wp-json\/wp\/v2\/types\/post"}],"author":[{"embeddable":true,"href":"http:\/\/portalcatolico.net\/portal\/wp-json\/wp\/v2\/users\/2"}],"replies":[{"embeddable":true,"href":"http:\/\/portalcatolico.net\/portal\/wp-json\/wp\/v2\/comments?post=57861"}],"version-history":[{"count":1,"href":"http:\/\/portalcatolico.net\/portal\/wp-json\/wp\/v2\/posts\/57861\/revisions"}],"predecessor-version":[{"id":57863,"href":"http:\/\/portalcatolico.net\/portal\/wp-json\/wp\/v2\/posts\/57861\/revisions\/57863"}],"wp:featuredmedia":[{"embeddable":true,"href":"http:\/\/portalcatolico.net\/portal\/wp-json\/wp\/v2\/media\/57862"}],"wp:attachment":[{"href":"http:\/\/portalcatolico.net\/portal\/wp-json\/wp\/v2\/media?parent=57861"}],"wp:term":[{"taxonomy":"category","embeddable":true,"href":"http:\/\/portalcatolico.net\/portal\/wp-json\/wp\/v2\/categories?post=57861"},{"taxonomy":"post_tag","embeddable":true,"href":"http:\/\/portalcatolico.net\/portal\/wp-json\/wp\/v2\/tags?post=57861"}],"curies":[{"name":"wp","href":"https:\/\/api.w.org\/{rel}","templated":true}]}}