{"id":57855,"date":"2018-08-28T06:13:22","date_gmt":"2018-08-28T09:13:22","guid":{"rendered":"http:\/\/portalcatolico.net\/portal\/?p=57855"},"modified":"2018-08-28T06:13:22","modified_gmt":"2018-08-28T09:13:22","slug":"frades-capuchinhos-se-reunem-em-roma-para-eleger-novo-superior-geral","status":"publish","type":"post","link":"http:\/\/portalcatolico.net\/portal\/frades-capuchinhos-se-reunem-em-roma-para-eleger-novo-superior-geral\/","title":{"rendered":"Frades Capuchinhos se re\u00fanem em Roma para eleger novo superior geral"},"content":{"rendered":"<p>A Ordem dos Frades Menores Capuchinhos iniciou nesta segunda-feira, 27, em Roma, mais um Cap\u00edtulo Geral. No total, 188 frades provenientes de v\u00e1rios pa\u00edses se reuniram na cidade eterna para participar desse importante evento que ocorre a cada seis anos e que eleger\u00e1 um novo superior geral.<\/p>\n<p>O tema dessa 85\u00aa edi\u00e7\u00e3o do Cap\u00edtulo Geral dos Frades Menores Capuchinhos \u00e9 &#8216;Aprendei de mim&#8230; e encontrareis&#8217;. O encontro conta com a participa\u00e7\u00e3o que ocorrer\u00e1 at\u00e9 o dia 6 de setembro no Col\u00e9gio Internacional S\u00e3o Louren\u00e7o de Br\u00edndisi em Roma, contar\u00e1 com a participa\u00e7\u00e3o de conselheiros gerais, ministros provinciais, o Procurador geral, o ministro-geral frei Mauro Johri e o vig\u00e1rio geral, frei Clayton Fernandes.<\/p>\n<p>Segundo o Ministro Geral dos Frades Menores Capuchinhos, Frei Mauro, &#8220;O tema deste ano \u00e9 a Ratio Formationis: como introduzir os outros \u00e0 nossa vida. A forma\u00e7\u00e3o deve levar o formando ao cora\u00e7\u00e3o do Evangelho, isto \u00e9, aprender com o Mestre que chama, o que significa lavar os p\u00e9s uns dos outros&#8221;.<\/p>\n<p>O religioso explica que &#8220;\u00e9 importante que os frades sejam provenientes de todas as partes do mundo e se concentrem nesse tema e que respeitem o carisma e a cultura uns dos outros. Espero que o Cap\u00edtulo seja um longo debate aberto, sereno e apaixonado sobre um tema que hoje \u00e9 muito importante para n\u00f3s e que marcar\u00e1 o futuro da Ordem&#8221;.<\/p>\n<p>A miss\u00e3o dos frades capuchinhos no mundo \u00e9, segundo o frei Mauro &#8220;manter vivo o esp\u00edrito de S\u00e3o Francisco, atrav\u00e9s de um testemunho direto com as pessoas, encontrando uma forma de altern\u00e2ncia entre imers\u00e3o entre as gentes e momentos de retiro&#8221;, ou seja, uma altern\u00e2ncia entre servi\u00e7o e ora\u00e7\u00e3o.<\/p>\n<p><img loading=\"lazy\" decoding=\"async\" class=\"aligncenter\" title=\"Frades Capuchinhos se re\u00fanem em Roma para eleger novo superior geral\" src=\"https:\/\/www.gaudiumpress.org\/resource\/view?id=158451&amp;size=2\" alt=\"Frades Capuchinhos se re\u00fanem em Roma para eleger novo superior geral\" width=\"701\" height=\"468\"><\/p>\n<p>O setor de comunica\u00e7\u00f5es dos Frades Menores Capuchinhos ativou v\u00e1rios canais Web para quem desejar acompanhar o Cap\u00edtulo mesmo a dist\u00e2ncia. O site da ordem (www.ofmcap.org) publicar\u00e1 diariamente not\u00edcias em 7 l\u00ednguas e as atividades do Cap\u00edtulo ser\u00e3o divulgadas no canal do You Tube da institui\u00e7\u00e3o. As redes sociais tamb\u00e9m ser\u00e3o utilizadas para divulgar o dia a dia e os resultados do Cap\u00edtulo. (Gaudiumpress)<\/p>\n","protected":false},"excerpt":{"rendered":"<p>A Ordem dos Frades Menores Capuchinhos iniciou nesta segunda-feira, 27, em Roma, mais um Cap\u00edtulo Geral. No total, 188 frades provenientes de v\u00e1rios pa\u00edses se reuniram na cidade eterna para participar desse importante evento que ocorre a cada seis anos e que eleger\u00e1 um novo superior geral. O tema dessa 85\u00aa edi\u00e7\u00e3o do Cap\u00edtulo Geral&nbsp;<\/p>\n<p><a class=\"btn btn-style\" href=\"http:\/\/portalcatolico.net\/portal\/frades-capuchinhos-se-reunem-em-roma-para-eleger-novo-superior-geral\/\">Continue Reading<\/a><\/p>\n","protected":false},"author":2,"featured_media":57856,"comment_status":"open","ping_status":"open","sticky":false,"template":"","format":"standard","meta":{"footnotes":""},"categories":[5],"tags":[],"class_list":["post-57855","post","type-post","status-publish","format-standard","has-post-thumbnail","hentry","category-igreja_no_mundo"],"_links":{"self":[{"href":"http:\/\/portalcatolico.net\/portal\/wp-json\/wp\/v2\/posts\/57855","targetHints":{"allow":["GET"]}}],"collection":[{"href":"http:\/\/portalcatolico.net\/portal\/wp-json\/wp\/v2\/posts"}],"about":[{"href":"http:\/\/portalcatolico.net\/portal\/wp-json\/wp\/v2\/types\/post"}],"author":[{"embeddable":true,"href":"http:\/\/portalcatolico.net\/portal\/wp-json\/wp\/v2\/users\/2"}],"replies":[{"embeddable":true,"href":"http:\/\/portalcatolico.net\/portal\/wp-json\/wp\/v2\/comments?post=57855"}],"version-history":[{"count":1,"href":"http:\/\/portalcatolico.net\/portal\/wp-json\/wp\/v2\/posts\/57855\/revisions"}],"predecessor-version":[{"id":57857,"href":"http:\/\/portalcatolico.net\/portal\/wp-json\/wp\/v2\/posts\/57855\/revisions\/57857"}],"wp:featuredmedia":[{"embeddable":true,"href":"http:\/\/portalcatolico.net\/portal\/wp-json\/wp\/v2\/media\/57856"}],"wp:attachment":[{"href":"http:\/\/portalcatolico.net\/portal\/wp-json\/wp\/v2\/media?parent=57855"}],"wp:term":[{"taxonomy":"category","embeddable":true,"href":"http:\/\/portalcatolico.net\/portal\/wp-json\/wp\/v2\/categories?post=57855"},{"taxonomy":"post_tag","embeddable":true,"href":"http:\/\/portalcatolico.net\/portal\/wp-json\/wp\/v2\/tags?post=57855"}],"curies":[{"name":"wp","href":"https:\/\/api.w.org\/{rel}","templated":true}]}}