{"id":57852,"date":"2018-08-27T20:03:13","date_gmt":"2018-08-27T23:03:13","guid":{"rendered":"http:\/\/portalcatolico.net\/portal\/?p=57852"},"modified":"2018-08-27T20:03:13","modified_gmt":"2018-08-27T23:03:13","slug":"peca-conta-a-historia-da-candidata-a-beata-zilda-arns","status":"publish","type":"post","link":"http:\/\/portalcatolico.net\/portal\/peca-conta-a-historia-da-candidata-a-beata-zilda-arns\/","title":{"rendered":"Pe\u00e7a conta a hist\u00f3ria da candidata \u00e0 beata Zilda Arns"},"content":{"rendered":"<p>\u201cSegundo relatos, ela emanava paz por onde passava, mas brigava e colocava o dedo na cara de quem fosse preciso pelas causas que defendia. Ela comprou briga com todo mundo. O objetivo dela era o combate \u00e0 mortalidade infantil. Ela n\u00e3o tinha limites quando se tratava disso\u201d, afirmou a atriz e roteirista Simone Kalil, que interpretar\u00e1 a m\u00e9dica, sanitarista e candidata \u00e0 santidade Zilda Arns Neumann na pe\u00e7a \u201cZilda Arns, a dona dos l\u00edrios\u201d.<\/p>\n<p class=\"textopadrao\">O espet\u00e1culo estar\u00e1 em cartaz no Rio de Janeiro de 21 de setembro a 4 de outubro, no Teatro C\u00e2ndido Mendes, em Ipanema, \u00e0s sextas, s\u00e1bados e domingos, a partir das 20h. A pr\u00e9-estreia ser\u00e1 em Lorena (SP), nos dias 14, 15 e 16 de setembro. As par\u00f3quias da Arquidiocese do Rio ter\u00e3o desconto para grupos, e parte da renda da bilheteria da pe\u00e7a ser\u00e1 revertida para a Pastoral da Crian\u00e7a, criada por Zilda 35 anos atr\u00e1s.<\/p>\n<p class=\"textopadrao\">O roteiro \u00e9 de Simone, juntamente com Luiz Ant\u00f4nio Rocha, que tamb\u00e9m dirige o espet\u00e1culo. O enredo teve como base a biografia de Zilda escrita por Ernesto Guimar\u00e3es.<\/p>\n<p class=\"textopadrao\">Simone Kalil contou que a inspira\u00e7\u00e3o para fazer a pe\u00e7a veio de Nossa Senhora: \u201cEu falo em voz alta com Nossa Senhora. Certo dia, estava em frente ao Pinel (eu estou em cartaz h\u00e1 tr\u00eas anos com uma pe\u00e7a, mas j\u00e1 queria um novo trabalho e queria falar sobre uma mulher e uma mulher forte). Nesse dia, eu pedi: \u2018Nossa Senhora, me mostre algu\u00e9m\u2019. E me veio a imagem da Irm\u00e3 Dulce. E eu disse: \u2018Nossa Senhora, n\u00e3o \u00e9 essa!\u2019. Porque irm\u00e3 Dulce era pequenininha, baixinha, magrinha&#8230; Eu pedi que fosse algu\u00e9m mais parecido comigo. E foi ent\u00e3o que me veio a imagem da doutora Zilda\u201d, relembrou.<\/p>\n<p class=\"textopadrao\">Depois disso, ela foi para casa \u201ccorrendo\u201d pesquisar se havia algo que desabonasse a conduta de Zilda ou se era poss\u00edvel escrever a pe\u00e7a.<\/p>\n<p class=\"textopadrao\">\u201cLiguei para uma prima m\u00e9dica e ela me disse que poderia conduzir a pe\u00e7a. E comecei a ler todas as biografias e tudo o que fosse poss\u00edvel sobre a hist\u00f3ria dela. Comecei em janeiro e desde ent\u00e3o estou fazendo isso\u201d, disse.<\/p>\n<p class=\"entretitulo\"><strong>Pastoral da Crian\u00e7a<\/strong><\/p>\n<p class=\"textopadrao\">Zilda Arns era m\u00e9dica e sanitarista, de fam\u00edlia cat\u00f3lica. Promoveu campanhas e projetos sociais visando \u00e0 sa\u00fade e dignidade das pessoas, especialmente das crian\u00e7as. A campanha do soro caseiro, que salvou a vida de muitas crian\u00e7as que morriam de disenteria entre os anos de 1980 e 1990, foi criada por ela, assim como a Pastoral da Crian\u00e7a, que em 2018 completa 35 anos.<\/p>\n<p class=\"textopadrao\">Irm\u00e3 de Dom Paulo Evaristo Arns \u2013 arcebispo de S\u00e3o Paulo de 1970 a 1998 \u2013, ela foi bastante influenciada por ele, que lutava contra as injusti\u00e7as e a repress\u00e3o durante a ditadura militar.<\/p>\n<p class=\"entretitulo\"><strong>Beatifica\u00e7\u00e3o<\/strong><\/p>\n<p class=\"textopadrao\">O processo de beatifica\u00e7\u00e3o de Zilda teve in\u00edcio em 2015 e est\u00e1 na primeira fase. Segundo Simone, a imagem que ela passava para as pessoas era de uma pessoa bondosa, santa, com um jeito manso de falar. No entanto, contou que Zilda tinha uma caracter\u00edstica comum nos santos: lutava e brigava com quem fosse preciso pela causa que defendia.<\/p>\n<p class=\"textopadrao\">Ela contou ainda a hist\u00f3ria de quando Zilda foi a Caic\u00f3 (RN) e soube de crian\u00e7as que ficavam pelas ruas mendigando. Quando chegou ao local, descobriu que era em uma vila chamada Vila das Primas. E prop\u00f4s uma mudan\u00e7a de vida a essas mulheres. Conseguiu m\u00e1quinas de costura e treinamentos atrav\u00e9s dos contatos que tinha. Quando ela voltou tr\u00eas anos depois, a Vila das Primas havia se tornado a Vila das Rendeiras. \u201cE na pe\u00e7a tem uma fala dela dizendo que as beatas fizeram um inferno na vida do bispo porque as prostitutas usavam as camisas da Pastoral da Crian\u00e7a. E a doutora Zilda s\u00f3 respondeu: \u2018Aquelas mulheres est\u00e3o dando um exemplo maior do que o de voc\u00eas! Elas s\u00e3o l\u00edderes\u2019\u201d, contou Simone.<\/p>\n<p class=\"textopadrao\">Segundo ela, as pessoas que assistiram aos ensaios disseram: \u201cN\u00f3s sa\u00edmos da pe\u00e7a com vontade de pesquisar quem foi essa mulher\u201d.<\/p>\n<p class=\"textopadrao\">\u201cE \u00e9 esse nosso grande objetivo: mostrar que, atrav\u00e9s de gestos pequenos, ela construiu algo grande. O soro caseiro \u00e9 a coisa mais simples do mundo e salvou muitas vidas\u201d, afirmou.<\/p>\n<p class=\"entretitulo\"><strong>Dona dos l\u00edrios<\/strong><\/p>\n<p class=\"textopadrao\">O nome da pe\u00e7a veio de seu amor por flores, l\u00edrio em especial. \u201cA dona dos l\u00edrios\u201d foi o nome dado a um cap\u00edtulo da biografia escrita por Ernesto Guimar\u00e3es e emprestado \u00e0 equipe que criou a pe\u00e7a.<\/p>\n<p class=\"textopadrao\">Na casa onde uma das irm\u00e3s de Zilda morava, floresceram l\u00edrios quando ela morreu, em janeiro de 2010, mesmo n\u00e3o sendo a \u00e9poca desse tipo de flor.<\/p>\n<p class=\"textopadrao\">O l\u00edrio representa a fertilidade e o aleitamento. \u201cPara n\u00f3s, ele representa a pastoral \u2013 a flor que ela criou. E uma l\u00edder da pastoral contou que no dia do enterro dela abriram l\u00edrios na sede da pastoral. E um buqu\u00ea foi levado para o enterro\u201d, pontuou.<\/p>\n<p class=\"entretitulo\"><strong>Zilda Arns<\/strong><\/p>\n<p class=\"textopadrao\">Zilda Arns nasceu em 25 de agosto de 1934, em Forquilhinha, Santa Catarina (SC). Ela desenvolveu um importante trabalho social, reconhecido nacionalmente e internacionalmente. Fundou a Pastoral da Crian\u00e7a em 1983 e, mais tarde, a Pastoral da Pessoa Idosa.<\/p>\n<p class=\"textopadrao\">A pediatra e sanitarista ficou conhecida no mundo inteiro por seu trabalho de combate \u00e0 mortalidade infantil e de prote\u00e7\u00e3o a gestantes e idosos, com a ajuda de um ex\u00e9rcito de mais de 200 mil volunt\u00e1rios.<\/p>\n<p class=\"textopadrao\">Ela faleceu no dia 12 de janeiro de 2010, durante o terremoto que devastou o Haiti, onde estava em miss\u00e3o humanit\u00e1ria, para introduzir a Pastoral da Crian\u00e7a no pa\u00eds.<\/p>\n<p class=\"entretitulo\"><strong>A pe\u00e7a<\/strong><\/p>\n<p class=\"textopadrao\">A atriz que faz o mon\u00f3logo contou que haver\u00e1 duas personagens: Zilda e a narradora. Simone tamb\u00e9m far\u00e1 os demais personagens que possam surgir.<\/p>\n<p class=\"textopadrao\">O espet\u00e1culo foi pensado para ser din\u00e2mico, apesar da fala mansa e tranquila, com forte sotaque alem\u00e3o com o qual Zilda falava.<\/p>\n<p class=\"textopadrao\">\u201cEla era de fam\u00edlia alem\u00e3 e falava com um sotaque forte e devagar. Ela tem um tempo de fala que n\u00e3o \u00e9 tempo do teatro. Portanto, pegamos o programa de r\u00e1dio dela que tem uma brasilidade e chegava a muitos lugares, e trabalhamos em cima dele\u201d, afirmou, citando o programa \u201cViva a Vida\u201d, da Pastoral da Crian\u00e7a, reproduzido em todo Brasil, inclusive na R\u00e1dio Catedral.<\/p>\n<p class=\"textopadrao\">O valor dos ingressos ser\u00e1 R$ 50 , sendo R$ 25 a meia-entrada. Grupos de par\u00f3quias ter\u00e3o desconto.<\/p>\n<p>Foto: Arquivo&nbsp;<\/p>\n<p>Por: Nathalia Cardoso<\/p>\n<p>Fonte:Arquidiocese do Rio de Janeiro<\/p>\n","protected":false},"excerpt":{"rendered":"<p>\u201cSegundo relatos, ela emanava paz por onde passava, mas brigava e colocava o dedo na cara de quem fosse preciso pelas causas que defendia. Ela comprou briga com todo mundo. O objetivo dela era o combate \u00e0 mortalidade infantil. Ela n\u00e3o tinha limites quando se tratava disso\u201d, afirmou a atriz e roteirista Simone Kalil, que&nbsp;<\/p>\n<p><a class=\"btn btn-style\" href=\"http:\/\/portalcatolico.net\/portal\/peca-conta-a-historia-da-candidata-a-beata-zilda-arns\/\">Continue Reading<\/a><\/p>\n","protected":false},"author":2,"featured_media":57853,"comment_status":"open","ping_status":"open","sticky":false,"template":"","format":"standard","meta":{"footnotes":""},"categories":[69],"tags":[],"class_list":["post-57852","post","type-post","status-publish","format-standard","has-post-thumbnail","hentry","category-artigos"],"_links":{"self":[{"href":"http:\/\/portalcatolico.net\/portal\/wp-json\/wp\/v2\/posts\/57852","targetHints":{"allow":["GET"]}}],"collection":[{"href":"http:\/\/portalcatolico.net\/portal\/wp-json\/wp\/v2\/posts"}],"about":[{"href":"http:\/\/portalcatolico.net\/portal\/wp-json\/wp\/v2\/types\/post"}],"author":[{"embeddable":true,"href":"http:\/\/portalcatolico.net\/portal\/wp-json\/wp\/v2\/users\/2"}],"replies":[{"embeddable":true,"href":"http:\/\/portalcatolico.net\/portal\/wp-json\/wp\/v2\/comments?post=57852"}],"version-history":[{"count":1,"href":"http:\/\/portalcatolico.net\/portal\/wp-json\/wp\/v2\/posts\/57852\/revisions"}],"predecessor-version":[{"id":57854,"href":"http:\/\/portalcatolico.net\/portal\/wp-json\/wp\/v2\/posts\/57852\/revisions\/57854"}],"wp:featuredmedia":[{"embeddable":true,"href":"http:\/\/portalcatolico.net\/portal\/wp-json\/wp\/v2\/media\/57853"}],"wp:attachment":[{"href":"http:\/\/portalcatolico.net\/portal\/wp-json\/wp\/v2\/media?parent=57852"}],"wp:term":[{"taxonomy":"category","embeddable":true,"href":"http:\/\/portalcatolico.net\/portal\/wp-json\/wp\/v2\/categories?post=57852"},{"taxonomy":"post_tag","embeddable":true,"href":"http:\/\/portalcatolico.net\/portal\/wp-json\/wp\/v2\/tags?post=57852"}],"curies":[{"name":"wp","href":"https:\/\/api.w.org\/{rel}","templated":true}]}}