{"id":57842,"date":"2018-08-27T13:14:14","date_gmt":"2018-08-27T16:14:14","guid":{"rendered":"http:\/\/portalcatolico.net\/portal\/?p=57842"},"modified":"2018-08-27T13:21:20","modified_gmt":"2018-08-27T16:21:20","slug":"7o-encontro-estadual-da-juventude-legionaria-de-bahia-e-sergipe-e-realizado-em-itabuna","status":"publish","type":"post","link":"http:\/\/portalcatolico.net\/portal\/7o-encontro-estadual-da-juventude-legionaria-de-bahia-e-sergipe-e-realizado-em-itabuna\/","title":{"rendered":"7\u00ba Encontro Estadual da Juventude Legion\u00e1ria de  Bahia e Sergipe \u00e9 realizado em Itabuna"},"content":{"rendered":"<p style=\"font-weight: 400;\">Itabuna sediou pela primeira vez neste fim de semana, entre os dias 24 a 26 de agosto, o 7\u00ba Encontro Estadual&nbsp;da Juventude Legion\u00e1ria dos estados de&nbsp; Bahia e Sergipe, que reuniu a juventude legion\u00e1ria de v\u00e1rias dioceses.<\/p>\n<p style=\"font-weight: 400;\">O evento teve &nbsp;como tema: &#8220;Desperta jovem, tu que dormes&#8221;, e foi realizado no Centro Pastoral Diocesano, situada no bairro&nbsp;Jardim Vit\u00f3ria.<\/p>\n<p style=\"font-weight: 400;\">Segundo Marcos, um dos jovens presentes no evento: &#8220;Esse encontro vem justamente para unir a juventude legion\u00e1ria espalhada pela Bahia e em Sergipe, com a fun\u00e7\u00e3o de agregar conhecimento e manter a chama acesa da juventude legion\u00e1ria, que \u00e9 o futuro da Legi\u00e3o de Maria. Desde a primeira edi\u00e7\u00e3o foram realizados os encontros em Salvador. E, no ano passado, ficou decidido que esse encontro n\u00e3o aconteceria mais na capital baiana. Por isso, esse ano, pela primeira vez, est\u00e1 acontecendo em Itabuna, devido \u00e0 grande quantidade de jovens ativos aqui na Legi\u00e3o de Maria&#8221;.<\/p>\n<p style=\"font-weight: 400;\">Na sexta-feira (24), o Encontro teve in\u00edcio com a acolhida \u00e0s 19h, com a&nbsp;Santa Missa de Abertura, com a presid\u00eancia de&nbsp;Dom Carlos Alberto dos&nbsp;Santos.<\/p>\n<p style=\"font-weight: 400;\">Na oportunidade, Dom Carlos disse: &#8220;Todos est\u00e3o aqui para participar deste banquete preparado por Jesus. Para encher o cora\u00e7\u00e3o da presen\u00e7a e do amor fiel que \u00e9 Jesus de Nazar\u00e9 e filho de Jos\u00e9 e Maria, filho de Deus. Aqui n\u00f3s queremos, portando, colocar a nossa vida e o nosso trabalho, nos bra\u00e7os da M\u00e3e, a Virgem Nossa Senhora das Gra\u00e7as.<\/p>\n<p style=\"font-weight: 400;\">Mais de oitenta jovens da Legi\u00e3o de Maria de&nbsp;todo o estado participaram desse grande encontro, que incluiu&nbsp;celebra\u00e7\u00f5es da Santa Missa, louvor, QUIS legion\u00e1rio, encena\u00e7\u00e3o teatral,&nbsp;ca\u00e7a ao tesouro, adora\u00e7\u00e3o ao Sant\u00edssimo Sacramento, palestras e noite&nbsp;cultural, entre outros momentos de&nbsp;evangeliza\u00e7\u00e3o.<\/p>\n<p style=\"font-weight: 400;\">Os convidados e palestrantes do evento foram os Padres: Pe. Adriano&nbsp;Fernandes (Reitor do Semin\u00e1rio Proped\u00eautico da Diocese de Itabuna e&nbsp;p\u00e1roco da Par\u00f3quia Nossa Senhora da Concei\u00e7\u00e3o); Pe. Tony Val\u00e9rio&nbsp;Rodrigues (p\u00e1roco na Par\u00f3quia Santa Maria Madalena); Pe. Elessandro&nbsp;Feitosa (Par\u00f3quia Senhora Santana de Buerarema).O Bispo Dom Carlos Alberto dos&nbsp;Santos tamb\u00e9m celebrou a santa missa de encerramento no domingo&nbsp;(26), que aconteceu \u00e0s 14h30 e foi concelebrada pelo Pe. Alexandre Aquino da cidade de Santa&nbsp;Luz-Diocese de Serrinha (BA). No encerramento, Dom Carlos disse para os jovens: &#8220;A palavra de Deus \u00e9 bonita, \u00e9 eficaz, \u00e9 importante, \u00e9 penetrante. Se voc\u00ea deixar que ela entre! Voc\u00ea tem que abrir a porta do seu cora\u00e7\u00e3o!&#8221;, finalizou.<\/p>\n<p>Fotos e reportagem: Valdeni Elias<\/p>\n<p>Edi\u00e7\u00e3o de texto: Anara Passos (Jornalista DRT 7574)<\/p>\n<p>\u00c1lbuns de fotos: <a href=\"https:\/\/www.facebook.com\/portalcatolicooficial\/\"><span style=\"color: #ff0000;\">Clique aqui<\/span><\/a><\/p>\n<p><img loading=\"lazy\" decoding=\"async\" class=\"wp-image-57846 aligncenter\" src=\"http:\/\/portalcatolico.net\/portal\/wp-content\/uploads\/2018\/08\/DSCN8740-300x225.jpg\" alt=\"\" width=\"812\" height=\"609\" srcset=\"http:\/\/portalcatolico.net\/portal\/wp-content\/uploads\/2018\/08\/DSCN8740-300x225.jpg 300w, http:\/\/portalcatolico.net\/portal\/wp-content\/uploads\/2018\/08\/DSCN8740-768x576.jpg 768w, http:\/\/portalcatolico.net\/portal\/wp-content\/uploads\/2018\/08\/DSCN8740.jpg 1000w\" sizes=\"auto, (max-width: 812px) 100vw, 812px\" \/> <img loading=\"lazy\" decoding=\"async\" class=\"wp-image-57847 aligncenter\" src=\"http:\/\/portalcatolico.net\/portal\/wp-content\/uploads\/2018\/08\/IMG_0075-300x200.jpg\" alt=\"\" width=\"810\" height=\"540\" srcset=\"http:\/\/portalcatolico.net\/portal\/wp-content\/uploads\/2018\/08\/IMG_0075-300x200.jpg 300w, http:\/\/portalcatolico.net\/portal\/wp-content\/uploads\/2018\/08\/IMG_0075-768x512.jpg 768w, http:\/\/portalcatolico.net\/portal\/wp-content\/uploads\/2018\/08\/IMG_0075.jpg 1000w\" sizes=\"auto, (max-width: 810px) 100vw, 810px\" \/><\/p>\n","protected":false},"excerpt":{"rendered":"<p>Itabuna sediou pela primeira vez neste fim de semana, entre os dias 24 a 26 de agosto, o 7\u00ba Encontro Estadual&nbsp;da Juventude Legion\u00e1ria dos estados de&nbsp; Bahia e Sergipe, que reuniu a juventude legion\u00e1ria de v\u00e1rias dioceses. O evento teve &nbsp;como tema: &#8220;Desperta jovem, tu que dormes&#8221;, e foi realizado no Centro Pastoral Diocesano, situada&nbsp;<\/p>\n<p><a class=\"btn btn-style\" href=\"http:\/\/portalcatolico.net\/portal\/7o-encontro-estadual-da-juventude-legionaria-de-bahia-e-sergipe-e-realizado-em-itabuna\/\">Continue Reading<\/a><\/p>\n","protected":false},"author":2,"featured_media":57843,"comment_status":"open","ping_status":"open","sticky":false,"template":"","format":"standard","meta":{"footnotes":""},"categories":[68],"tags":[],"class_list":["post-57842","post","type-post","status-publish","format-standard","has-post-thumbnail","hentry","category-homilias"],"_links":{"self":[{"href":"http:\/\/portalcatolico.net\/portal\/wp-json\/wp\/v2\/posts\/57842","targetHints":{"allow":["GET"]}}],"collection":[{"href":"http:\/\/portalcatolico.net\/portal\/wp-json\/wp\/v2\/posts"}],"about":[{"href":"http:\/\/portalcatolico.net\/portal\/wp-json\/wp\/v2\/types\/post"}],"author":[{"embeddable":true,"href":"http:\/\/portalcatolico.net\/portal\/wp-json\/wp\/v2\/users\/2"}],"replies":[{"embeddable":true,"href":"http:\/\/portalcatolico.net\/portal\/wp-json\/wp\/v2\/comments?post=57842"}],"version-history":[{"count":4,"href":"http:\/\/portalcatolico.net\/portal\/wp-json\/wp\/v2\/posts\/57842\/revisions"}],"predecessor-version":[{"id":57849,"href":"http:\/\/portalcatolico.net\/portal\/wp-json\/wp\/v2\/posts\/57842\/revisions\/57849"}],"wp:featuredmedia":[{"embeddable":true,"href":"http:\/\/portalcatolico.net\/portal\/wp-json\/wp\/v2\/media\/57843"}],"wp:attachment":[{"href":"http:\/\/portalcatolico.net\/portal\/wp-json\/wp\/v2\/media?parent=57842"}],"wp:term":[{"taxonomy":"category","embeddable":true,"href":"http:\/\/portalcatolico.net\/portal\/wp-json\/wp\/v2\/categories?post=57842"},{"taxonomy":"post_tag","embeddable":true,"href":"http:\/\/portalcatolico.net\/portal\/wp-json\/wp\/v2\/tags?post=57842"}],"curies":[{"name":"wp","href":"https:\/\/api.w.org\/{rel}","templated":true}]}}