{"id":57840,"date":"2018-08-27T13:06:50","date_gmt":"2018-08-27T16:06:50","guid":{"rendered":"http:\/\/portalcatolico.net\/portal\/?p=57840"},"modified":"2018-08-27T13:38:25","modified_gmt":"2018-08-27T16:38:25","slug":"paroquia-em-itabuna-celebra-sao-joao-batista","status":"publish","type":"post","link":"http:\/\/portalcatolico.net\/portal\/paroquia-em-itabuna-celebra-sao-joao-batista\/","title":{"rendered":"Par\u00f3quia em Itabuna celebra S\u00e3o Jo\u00e3o Batista"},"content":{"rendered":"<p style=\"font-weight: 400;\">A Par\u00f3quia de Nossa Senhora de F\u00e1tima em Itabuna (BA) est\u00e1 celebrando o Tr\u00edduo em honra \u00e0 S\u00e3o Jo\u00e3o Batista, padroeiro do bairro Jo\u00e3o Soares, \u00e0s 19h, no Centro Pastoral. Durante os dias 26, 27 e 28 ser\u00e3o realizados&nbsp; os retiros em prepara\u00e7\u00e3o&nbsp;para a festa que ser\u00e1 realizada na quarta-feira, 29.<\/p>\n<p style=\"font-weight: 400;\">Os dias em prepara\u00e7\u00e3o&nbsp;ser\u00e3o compostos&nbsp; de missa todas as noites e ter\u00e7o Mariano e quermesse ap\u00f3s a celebra\u00e7\u00e3o eucar\u00edstica.<\/p>\n<p style=\"font-weight: 400;\">O tema&nbsp;central da festa para este ano nacional do laicato \u00e9: &#8220;Crist\u00e3os leigos e&nbsp;leigas&nbsp; na igreja e na sociedade: Sal da Terra e Luz do mundo&#8221;. (Mt&nbsp;5,13-14).<\/p>\n<p style=\"font-weight: 400;\">A abertura do Tr\u00edduo aconteceu neste domingo&nbsp;(27),&nbsp;com a presid\u00eancia do Bispo Diocesano, Dom Carlos Alberto dos Santos.<\/p>\n<p style=\"font-weight: 400; text-align: center;\"><strong>Confira a programa\u00e7\u00e3o:<\/strong><\/p>\n<p style=\"font-weight: 400;\"><strong>Dia 26\/08\/2018<\/strong><br \/>\nAcolhida \u00e0s 16h30<br \/>\n17h: Missa Campal<br \/>\nSubtema: &#8221; O Crist\u00e3o leigo, sujeito na Igreja e no mundo: Esperan\u00e7a e&nbsp;<br \/>\nangustias&#8221;.<br \/>\nCelebrante: Dom Carlos Alberto dos Santos, bispo da Diocese de Itabuna.<br \/>\nQuermesse ap\u00f3s a santa missa \u00e0s 19h.<br \/>\nAnima\u00e7\u00e3o: Banda Caxang\u00e1<\/p>\n<p><strong>Dia 27\/08\/2018<\/strong><br \/>\n18h30: Ter\u00e7o Mariano e \u00e0s 19h, Santa Missa<br \/>\nSubtema: &#8220;Sujeito eclesial: Disc\u00edpulo&nbsp; Mission\u00e1rio e cidad\u00e3o do mundo&#8221;.<br \/>\nCelebrante: Padre Nicolau Klak (p\u00e1roco da Par\u00f3quia Nossa Senhora de&nbsp;<br \/>\nF\u00e1tima).<br \/>\nQuermesse ap\u00f3s a missa, com in\u00edcio \u00e0s 20h.<\/p>\n<p><strong>Dia 28\/08\/2018<\/strong><br \/>\n18h30-Acolhida, com in\u00edcio do ter\u00e7o Mariano e \u00e0s 19h, Santa Missa.<br \/>\nSubtema: &#8220;A a\u00e7\u00e3o transformadora na Igreja e no mundo&#8221;.<br \/>\nCelebrante: Padre Nicolau Klak.<br \/>\nQuermesse ap\u00f3s a missa, com in\u00edcio \u00e0s 20h.<\/p>\n<p><strong>Dia festivo 29\/08\/2018 (quarta-feira)<\/strong><br \/>\n18h30-Acolhida, em seguida, Ter\u00e7o Mission\u00e1rio.<br \/>\n\u00c0s 19h, celebra\u00e7\u00e3o eucar\u00edstica com a presid\u00eancia do Pe. Nicolau&nbsp; Klak e&nbsp;<br \/>\no tema a ser refletido ser\u00e1: &#8220;Mart\u00edrio de S\u00e3o Jo\u00e3o Batista e lema: Sal&nbsp;<br \/>\nda Terra e Luz do Mundo&#8221;.<\/p>\n<p style=\"font-weight: 400;\">Participe voc\u00ea e sua fam\u00edlia.<br \/>\nAs informa\u00e7\u00f5es da programa\u00e7\u00e3o s\u00e3o cedidas pela: Pascom-Pastoral da&nbsp;Comunica\u00e7\u00e3o<br \/>\nTexto: Reda\u00e7\u00e3o\/Portal Cat\u00f3lico.Net<\/p>\n<p>Foto:Divulga\u00e7\u00e3o<\/p>\n<p style=\"font-weight: 400;\">&nbsp;<\/p>\n","protected":false},"excerpt":{"rendered":"<p>A Par\u00f3quia de Nossa Senhora de F\u00e1tima em Itabuna (BA) est\u00e1 celebrando o Tr\u00edduo em honra \u00e0 S\u00e3o Jo\u00e3o Batista, padroeiro do bairro Jo\u00e3o Soares, \u00e0s 19h, no Centro Pastoral. Durante os dias 26, 27 e 28 ser\u00e3o realizados&nbsp; os retiros em prepara\u00e7\u00e3o&nbsp;para a festa que ser\u00e1 realizada na quarta-feira, 29. Os dias em prepara\u00e7\u00e3o&nbsp;ser\u00e3o&nbsp;<\/p>\n<p><a class=\"btn btn-style\" href=\"http:\/\/portalcatolico.net\/portal\/paroquia-em-itabuna-celebra-sao-joao-batista\/\">Continue Reading<\/a><\/p>\n","protected":false},"author":2,"featured_media":57850,"comment_status":"open","ping_status":"open","sticky":false,"template":"","format":"standard","meta":{"footnotes":""},"categories":[1],"tags":[],"class_list":["post-57840","post","type-post","status-publish","format-standard","has-post-thumbnail","hentry","category-agenda"],"_links":{"self":[{"href":"http:\/\/portalcatolico.net\/portal\/wp-json\/wp\/v2\/posts\/57840","targetHints":{"allow":["GET"]}}],"collection":[{"href":"http:\/\/portalcatolico.net\/portal\/wp-json\/wp\/v2\/posts"}],"about":[{"href":"http:\/\/portalcatolico.net\/portal\/wp-json\/wp\/v2\/types\/post"}],"author":[{"embeddable":true,"href":"http:\/\/portalcatolico.net\/portal\/wp-json\/wp\/v2\/users\/2"}],"replies":[{"embeddable":true,"href":"http:\/\/portalcatolico.net\/portal\/wp-json\/wp\/v2\/comments?post=57840"}],"version-history":[{"count":2,"href":"http:\/\/portalcatolico.net\/portal\/wp-json\/wp\/v2\/posts\/57840\/revisions"}],"predecessor-version":[{"id":57851,"href":"http:\/\/portalcatolico.net\/portal\/wp-json\/wp\/v2\/posts\/57840\/revisions\/57851"}],"wp:featuredmedia":[{"embeddable":true,"href":"http:\/\/portalcatolico.net\/portal\/wp-json\/wp\/v2\/media\/57850"}],"wp:attachment":[{"href":"http:\/\/portalcatolico.net\/portal\/wp-json\/wp\/v2\/media?parent=57840"}],"wp:term":[{"taxonomy":"category","embeddable":true,"href":"http:\/\/portalcatolico.net\/portal\/wp-json\/wp\/v2\/categories?post=57840"},{"taxonomy":"post_tag","embeddable":true,"href":"http:\/\/portalcatolico.net\/portal\/wp-json\/wp\/v2\/tags?post=57840"}],"curies":[{"name":"wp","href":"https:\/\/api.w.org\/{rel}","templated":true}]}}