{"id":57837,"date":"2018-08-27T13:00:24","date_gmt":"2018-08-27T16:00:24","guid":{"rendered":"http:\/\/portalcatolico.net\/portal\/?p=57837"},"modified":"2018-08-27T13:00:40","modified_gmt":"2018-08-27T16:00:40","slug":"dia-do-catequista-e-celebrado-em-paroquia-de-itabuna","status":"publish","type":"post","link":"http:\/\/portalcatolico.net\/portal\/dia-do-catequista-e-celebrado-em-paroquia-de-itabuna\/","title":{"rendered":"Dia do catequista \u00e9 celebrado em par\u00f3quia de Itabuna"},"content":{"rendered":"<p style=\"font-weight: 400;\">Em comemora\u00e7\u00e3o ao dia do catequista, na Par\u00f3quia Santa Rita de C\u00e1ssia&nbsp;&nbsp;realizou na manh\u00e3 deste domingo, 26 de agosto, as homenagens a&nbsp; esses&nbsp;anunciadores do amor de Deus.&nbsp;Na programa\u00e7\u00e3o teve&nbsp;missa,&nbsp;almo\u00e7o e distribui\u00e7\u00e3o de brindes.<\/p>\n<p style=\"font-weight: 400;\">A santa missa aconteceu \u00e0s 09h30 e&nbsp;&nbsp;foi&nbsp;presidida pelo Pe. o Frei Alberto. &nbsp; O almo\u00e7o de confraterniza\u00e7\u00e3o aconteceu ao meio-dia em um espa\u00e7o de eventos, no bairro Banco Raso.<\/p>\n<p style=\"font-weight: 400;\">Estiveram presentes todas as&nbsp;catequistas das quatro comunidades da Igreja matriz da Par\u00f3quia Santa&nbsp;Rita de C\u00e1ssia al\u00e9m dos pais dos&nbsp; catequizandos, Frei Alberto e as Irm\u00e3s&nbsp; Franciscanas.<\/p>\n<p style=\"font-weight: 400;\">A miss\u00e3o do catequista \u00e9 de&nbsp;gratuidade. \u00c9 assim que cada catequista coloca em pr\u00e1tica o ensinamento&nbsp;de Jesus, dedicando seu tempo para que adultos, jovens, adolescentes e&nbsp;crian\u00e7as possam encontrar o caminho do discipulado mission\u00e1rio, a partir&nbsp;da experi\u00eancia pessoal e comunit\u00e1ria com Jesus Cristo. \u00c9 por isso, que&nbsp;<br \/>\nesta data \u00e9 uma oportunidade de agradecer a Deus pelo minist\u00e9rio da catequese e dizer&nbsp;&#8220;obrigado&#8221; a cada um de voc\u00eas, pedindo ao Senhor que os aben\u00e7oe porque&nbsp;voc\u00eas fizeram a op\u00e7\u00e3o de ser servidores do evangelho que gera Vida em&nbsp; abund\u00e2ncia. Catequizar \u00e9 miss\u00e3o primordial da Igreja e ser&nbsp;catequista \u00e9 ser part\u00edcipe nessa miss\u00e3o.<\/p>\n","protected":false},"excerpt":{"rendered":"<p>Em comemora\u00e7\u00e3o ao dia do catequista, na Par\u00f3quia Santa Rita de C\u00e1ssia&nbsp;&nbsp;realizou na manh\u00e3 deste domingo, 26 de agosto, as homenagens a&nbsp; esses&nbsp;anunciadores do amor de Deus.&nbsp;Na programa\u00e7\u00e3o teve&nbsp;missa,&nbsp;almo\u00e7o e distribui\u00e7\u00e3o de brindes. A santa missa aconteceu \u00e0s 09h30 e&nbsp;&nbsp;foi&nbsp;presidida pelo Pe. o Frei Alberto. &nbsp; O almo\u00e7o de confraterniza\u00e7\u00e3o aconteceu ao meio-dia em um&nbsp;<\/p>\n<p><a class=\"btn btn-style\" href=\"http:\/\/portalcatolico.net\/portal\/dia-do-catequista-e-celebrado-em-paroquia-de-itabuna\/\">Continue Reading<\/a><\/p>\n","protected":false},"author":2,"featured_media":57838,"comment_status":"open","ping_status":"open","sticky":false,"template":"","format":"standard","meta":{"footnotes":""},"categories":[4],"tags":[],"class_list":["post-57837","post","type-post","status-publish","format-standard","has-post-thumbnail","hentry","category-destaques"],"_links":{"self":[{"href":"http:\/\/portalcatolico.net\/portal\/wp-json\/wp\/v2\/posts\/57837","targetHints":{"allow":["GET"]}}],"collection":[{"href":"http:\/\/portalcatolico.net\/portal\/wp-json\/wp\/v2\/posts"}],"about":[{"href":"http:\/\/portalcatolico.net\/portal\/wp-json\/wp\/v2\/types\/post"}],"author":[{"embeddable":true,"href":"http:\/\/portalcatolico.net\/portal\/wp-json\/wp\/v2\/users\/2"}],"replies":[{"embeddable":true,"href":"http:\/\/portalcatolico.net\/portal\/wp-json\/wp\/v2\/comments?post=57837"}],"version-history":[{"count":1,"href":"http:\/\/portalcatolico.net\/portal\/wp-json\/wp\/v2\/posts\/57837\/revisions"}],"predecessor-version":[{"id":57839,"href":"http:\/\/portalcatolico.net\/portal\/wp-json\/wp\/v2\/posts\/57837\/revisions\/57839"}],"wp:featuredmedia":[{"embeddable":true,"href":"http:\/\/portalcatolico.net\/portal\/wp-json\/wp\/v2\/media\/57838"}],"wp:attachment":[{"href":"http:\/\/portalcatolico.net\/portal\/wp-json\/wp\/v2\/media?parent=57837"}],"wp:term":[{"taxonomy":"category","embeddable":true,"href":"http:\/\/portalcatolico.net\/portal\/wp-json\/wp\/v2\/categories?post=57837"},{"taxonomy":"post_tag","embeddable":true,"href":"http:\/\/portalcatolico.net\/portal\/wp-json\/wp\/v2\/tags?post=57837"}],"curies":[{"name":"wp","href":"https:\/\/api.w.org\/{rel}","templated":true}]}}