{"id":57832,"date":"2018-08-26T21:34:44","date_gmt":"2018-08-27T00:34:44","guid":{"rendered":"http:\/\/portalcatolico.net\/portal\/?p=57832"},"modified":"2018-08-26T21:34:44","modified_gmt":"2018-08-27T00:34:44","slug":"15-anos-da-fraternidade-caminho-do-discipulado","status":"publish","type":"post","link":"http:\/\/portalcatolico.net\/portal\/15-anos-da-fraternidade-caminho-do-discipulado\/","title":{"rendered":"15 anos da Fraternidade Caminho do Discipulado"},"content":{"rendered":"<p><em>A Fraternidade Caminho do Discipulado (FCD) \u00e9 um Instituto diocesano de vida consagrada secular. Seus membros s\u00e3o mulheres solteiras e vi\u00favas que vivem o seguimento de Jesus pela profiss\u00e3o p\u00fablica dos conselhos evang\u00e9licos de castidade, pobreza e obedi\u00eancia em meio \u00e0s realidades cotidianas da fam\u00edlia, do trabalho profissional e do trabalho pastoral.<\/em><\/p>\n<p><em>\u00c9 a consagra\u00e7\u00e3o vivida n\u00e3o no convento. N\u00e3o na vida comunit\u00e1ria. Mas em meio das realidades secularidades. Isto \u00e9 a consagra\u00e7\u00e3o e a secularidade!&nbsp; Junto \u00e0s consagradas est\u00e3o as\\os Amigos da Bem Aventurada Ulrica (ABUs).<\/em><\/p>\n<p><em>Na Igreja diocesana a Fraternidade Caminho do Discipulado tem como carisma e miss\u00e3o o apostolado do ser, do testemunho silencioso e discreto, como fermento, transformando as realidades cotidianas em meio de santifica\u00e7\u00e3o e apostolado, como fez a Bem Aventurada Ulrica \u2013 inspiradora e padroeira.<\/em><\/p>\n<p><em>A FCD foi fundada em 2003. Chegou a Cama\u00e7ari em 2004. Tem sua sede na casa Bem Aventurada Ulrica, no CIA, Sim\u00f5es Filho. Convidamos voc\u00ea mulher solteira ou vi\u00fava a nos visitar e fazer uma experi\u00eancia vocacional.<\/em><\/p>\n<p><em>Acesse o Facebook: Francisca Ulrica.<\/em><\/p>\n<p><em>&nbsp;Informa\u00e7\u00f5es e foto:Diocese de Cama\u00e7ari<\/em><\/p>\n","protected":false},"excerpt":{"rendered":"<p>A Fraternidade Caminho do Discipulado (FCD) \u00e9 um Instituto diocesano de vida consagrada secular. Seus membros s\u00e3o mulheres solteiras e vi\u00favas que vivem o seguimento de Jesus pela profiss\u00e3o p\u00fablica dos conselhos evang\u00e9licos de castidade, pobreza e obedi\u00eancia em meio \u00e0s realidades cotidianas da fam\u00edlia, do trabalho profissional e do trabalho pastoral. \u00c9 a consagra\u00e7\u00e3o&nbsp;<\/p>\n<p><a class=\"btn btn-style\" href=\"http:\/\/portalcatolico.net\/portal\/15-anos-da-fraternidade-caminho-do-discipulado\/\">Continue Reading<\/a><\/p>\n","protected":false},"author":2,"featured_media":57833,"comment_status":"open","ping_status":"open","sticky":false,"template":"","format":"standard","meta":{"footnotes":""},"categories":[3],"tags":[],"class_list":["post-57832","post","type-post","status-publish","format-standard","has-post-thumbnail","hentry","category-noticias_regionais"],"_links":{"self":[{"href":"http:\/\/portalcatolico.net\/portal\/wp-json\/wp\/v2\/posts\/57832","targetHints":{"allow":["GET"]}}],"collection":[{"href":"http:\/\/portalcatolico.net\/portal\/wp-json\/wp\/v2\/posts"}],"about":[{"href":"http:\/\/portalcatolico.net\/portal\/wp-json\/wp\/v2\/types\/post"}],"author":[{"embeddable":true,"href":"http:\/\/portalcatolico.net\/portal\/wp-json\/wp\/v2\/users\/2"}],"replies":[{"embeddable":true,"href":"http:\/\/portalcatolico.net\/portal\/wp-json\/wp\/v2\/comments?post=57832"}],"version-history":[{"count":1,"href":"http:\/\/portalcatolico.net\/portal\/wp-json\/wp\/v2\/posts\/57832\/revisions"}],"predecessor-version":[{"id":57834,"href":"http:\/\/portalcatolico.net\/portal\/wp-json\/wp\/v2\/posts\/57832\/revisions\/57834"}],"wp:featuredmedia":[{"embeddable":true,"href":"http:\/\/portalcatolico.net\/portal\/wp-json\/wp\/v2\/media\/57833"}],"wp:attachment":[{"href":"http:\/\/portalcatolico.net\/portal\/wp-json\/wp\/v2\/media?parent=57832"}],"wp:term":[{"taxonomy":"category","embeddable":true,"href":"http:\/\/portalcatolico.net\/portal\/wp-json\/wp\/v2\/categories?post=57832"},{"taxonomy":"post_tag","embeddable":true,"href":"http:\/\/portalcatolico.net\/portal\/wp-json\/wp\/v2\/tags?post=57832"}],"curies":[{"name":"wp","href":"https:\/\/api.w.org\/{rel}","templated":true}]}}