{"id":57829,"date":"2018-08-23T19:49:29","date_gmt":"2018-08-23T22:49:29","guid":{"rendered":"http:\/\/portalcatolico.net\/portal\/?p=57829"},"modified":"2018-08-26T19:54:12","modified_gmt":"2018-08-26T22:54:12","slug":"1-ano-missa-sera-celebrada-em-memoria-dos-mortos-do-naufragio-na-baia-de-todos-os-santos","status":"publish","type":"post","link":"http:\/\/portalcatolico.net\/portal\/1-ano-missa-sera-celebrada-em-memoria-dos-mortos-do-naufragio-na-baia-de-todos-os-santos\/","title":{"rendered":"1 ano: Missa ser\u00e1 celebrada em mem\u00f3ria dos mortos do naufr\u00e1gio na Ba\u00eda de Todos os Santos"},"content":{"rendered":"<p>Uma Missa em mem\u00f3ria dos mortos do naufr\u00e1gio ocorrido na Ba\u00eda de Todos os Santos ser\u00e1 celebrada nesta sexta-feira, dia 24 de agosto. A Celebra\u00e7\u00e3o Eucar\u00edstica acontecer\u00e1 na Comunidade Nossa Senhora das Candeias, localizada em Amoreira, Ilha de Itaparica, e ter\u00e1 in\u00edcio \u00e0s 19h. logo ap\u00f3s a Missa, os fi\u00e9is sair\u00e3o em prociss\u00e3o at\u00e9 a praia, onde 19 rosas ser\u00e3o jogadas ao mar em homenagem aos mortos.<\/p>\n<p>O acidente que causou a morte de 19 pessoas aconteceu na manh\u00e3 do dia 24 de agosto de 2017. A embarca\u00e7\u00e3o, identificada como Cavalo Marinho 1, virou 10 minutos ap\u00f3s ter sa\u00eddo de Mar Grande em dire\u00e7\u00e3o a Salvador. 116 passageiros e quatro tripulantes estavam no barco no momento do naufr\u00e1gio.<\/p>\n<p>Jornalista: Sara Gomes\/Arquidiocese de Salvador<\/p>\n<p>&nbsp;<\/p>\n","protected":false},"excerpt":{"rendered":"<p>Uma Missa em mem\u00f3ria dos mortos do naufr\u00e1gio ocorrido na Ba\u00eda de Todos os Santos ser\u00e1 celebrada nesta sexta-feira, dia 24 de agosto. A Celebra\u00e7\u00e3o Eucar\u00edstica acontecer\u00e1 na Comunidade Nossa Senhora das Candeias, localizada em Amoreira, Ilha de Itaparica, e ter\u00e1 in\u00edcio \u00e0s 19h. logo ap\u00f3s a Missa, os fi\u00e9is sair\u00e3o em prociss\u00e3o at\u00e9 a&nbsp;<\/p>\n<p><a class=\"btn btn-style\" href=\"http:\/\/portalcatolico.net\/portal\/1-ano-missa-sera-celebrada-em-memoria-dos-mortos-do-naufragio-na-baia-de-todos-os-santos\/\">Continue Reading<\/a><\/p>\n","protected":false},"author":2,"featured_media":57830,"comment_status":"open","ping_status":"open","sticky":false,"template":"","format":"standard","meta":{"footnotes":""},"categories":[4],"tags":[],"class_list":["post-57829","post","type-post","status-publish","format-standard","has-post-thumbnail","hentry","category-destaques"],"_links":{"self":[{"href":"http:\/\/portalcatolico.net\/portal\/wp-json\/wp\/v2\/posts\/57829","targetHints":{"allow":["GET"]}}],"collection":[{"href":"http:\/\/portalcatolico.net\/portal\/wp-json\/wp\/v2\/posts"}],"about":[{"href":"http:\/\/portalcatolico.net\/portal\/wp-json\/wp\/v2\/types\/post"}],"author":[{"embeddable":true,"href":"http:\/\/portalcatolico.net\/portal\/wp-json\/wp\/v2\/users\/2"}],"replies":[{"embeddable":true,"href":"http:\/\/portalcatolico.net\/portal\/wp-json\/wp\/v2\/comments?post=57829"}],"version-history":[{"count":1,"href":"http:\/\/portalcatolico.net\/portal\/wp-json\/wp\/v2\/posts\/57829\/revisions"}],"predecessor-version":[{"id":57831,"href":"http:\/\/portalcatolico.net\/portal\/wp-json\/wp\/v2\/posts\/57829\/revisions\/57831"}],"wp:featuredmedia":[{"embeddable":true,"href":"http:\/\/portalcatolico.net\/portal\/wp-json\/wp\/v2\/media\/57830"}],"wp:attachment":[{"href":"http:\/\/portalcatolico.net\/portal\/wp-json\/wp\/v2\/media?parent=57829"}],"wp:term":[{"taxonomy":"category","embeddable":true,"href":"http:\/\/portalcatolico.net\/portal\/wp-json\/wp\/v2\/categories?post=57829"},{"taxonomy":"post_tag","embeddable":true,"href":"http:\/\/portalcatolico.net\/portal\/wp-json\/wp\/v2\/tags?post=57829"}],"curies":[{"name":"wp","href":"https:\/\/api.w.org\/{rel}","templated":true}]}}