{"id":57825,"date":"2018-08-26T19:29:55","date_gmt":"2018-08-26T22:29:55","guid":{"rendered":"http:\/\/portalcatolico.net\/portal\/?p=57825"},"modified":"2018-08-26T19:58:42","modified_gmt":"2018-08-26T22:58:42","slug":"cardeal-claudio-hummes-completa-60-anos-de-ordenacao-presbiteral","status":"publish","type":"post","link":"http:\/\/portalcatolico.net\/portal\/cardeal-claudio-hummes-completa-60-anos-de-ordenacao-presbiteral\/","title":{"rendered":"Cardeal Cl\u00e1udio Hummes completa 60 anos de ordena\u00e7\u00e3o presbiteral"},"content":{"rendered":"<p>O&nbsp;<b>Cardeal Cl\u00e1udio Hummes<\/b>, OFM, Arcebispo em\u00e9rito de S\u00e3o Paulo, completou 60 anos de ordena\u00e7\u00e3o presbiteral. O cardeal foi ordenado padre em Divin\u00f3polis (MG), em 03 de agosto de 1958, pertencendo \u00e0 Ordem Franciscana dos Frades Menores.<\/p>\n<p>Dom Cl\u00e1udio Hummes foi ordenado bispo em Porto Alegre (RS), em 1975 e criado Cardeal Presb\u00edtero do T\u00edtulo de Santo Ant\u00f4nio de P\u00e1dua na Vila Merulana em 2001, pelo Papa Jo\u00e3o Paulo II.<\/p>\n<p>Neste domingo (26), Dom Cl\u00e1udio presidiu uma missa em a\u00e7\u00e3o de gra\u00e7as pelo seu jubileu no Santu\u00e1rio Nacional de Aparecida, \u00e0s 12h.<\/p>\n<p>\u201cDeus conduz a gente pela vida afora. Se voc\u00ea \u00e9 atento ao chamado, se voc\u00ea acolhe o que vem a voc\u00ea, no dia em que voc\u00ea acolhe, Ele te leva e voc\u00ea sente que, de fato, est\u00e1 no caminho certo. Hoje eu me sinto muito feliz, agradecido a Deus e olho para tr\u00e1s com olhar de agradecimento&#8221;, diz Dom Cl\u00e1udio Hummes.<\/p>\n<p>E ainda aconselha os jovens que desejam seguir a vida religiosa.<\/p>\n<p>&#8220;Que tenham muita confian\u00e7a em Deus e que n\u00e3o tenham medo do futuro. D\u00ea esse voto de confian\u00e7a a Deus, que ele vai conduzir voc\u00ea at\u00e9 o fim e Ele n\u00e3o falhar\u00e1. N\u00f3s falhamos, mas Ele n\u00e3o falhar\u00e1. Ter essa certeza em Deus \u00e9 muito importante&#8221;, finaliza.<\/p>\n<p><b>Trajet\u00f3ria<\/b><\/p>\n<p>Filho de Pedro Ad\u00e3o Hummes e Maria Frank Hummes,&nbsp;<b>Dom Cl\u00e1udio Hummes<\/b>&nbsp;nasceu em 8 de agosto de 1934, na cidade de Montenegro (RS), o terceiro de uma fam\u00edlia de 13 irm\u00e3os. Foi batizado com o nome Auri Afonso Hummes.<\/p>\n<p>Dom Cl\u00e1udio Hummes foi educado em col\u00e9gios administrados por religiosos. Aos 17 anos, decidiu tornar-se padre. Foi ordenado sacerdote em 3 de agosto de 1958, em Divin\u00f3polis (MG), pertencendo \u00e0 Ordem Franciscana dos Frades Menores. \u00c9 formado em filosofia e ecumenismo, com cursos feitos no Vaticano e na Su\u00ed\u00e7a. De 1975 a 1996, foi bispo da Diocese de Santo Andr\u00e9, no ABC paulista. Em 1996, tornou-se arcebispo de Fortaleza, cidade na qual permaneceu por pouco mais de um ano. Em 1998 foi escolhido para suceder Dom Paulo Evaristo Arns em S\u00e3o Paulo, assumindo como o 6\u00ba arcebispo metropolitano de S\u00e3o Paulo. Foi criado cardeal em fevereiro de 2001 por Jo\u00e3o Paulo II.<\/p>\n<p>Dom Cl\u00e1udio esteve \u00e0 frente da Arquidiocese de S\u00e3o Paulo at\u00e9 30 de outubro de 2006, quando ao Papa Bento XVI o nomeou prefeito da Congrega\u00e7\u00e3o para o Clero, no Vaticano. Em 7 de outubro de 2010, o Papa Bento XVI aceitou seu pedido de ren\u00fancia por limite de idade. Atualmente, dom Cl\u00e1udio \u00e9 o presidente da Comiss\u00e3o Episcopal para a Amaz\u00f4nia, da Confer\u00eancia Nacional dos Bispos do Brasil (CNBB).<\/p>\n<p>Em seu episcopado, Dom Cl\u00e1udio desempenhou diversas fun\u00e7\u00f5es. Foi membro da Comiss\u00e3o Episcopal de Pastoral (CEP) da CNBB nos per\u00edodos de 1976 a 1978 e 1979 a 1982, e respons\u00e1vel pelos Setores Fam\u00edlia e Cultura de 1995 a 1998. Foi Assistente Nacional da Pastoral Oper\u00e1ria, de 1979 a 1990. Nesse per\u00edodo do regime militar, assumiu corajoso apoio ao movimento grevista dos metal\u00fargicos e abriu as portas das igrejas para as organiza\u00e7\u00f5es sindicais impedidas pelo governo de reunirem-se legalmente. Foi eleito pelos bispos da CNBB delegado para o S\u00ednodo dos Bispos sobre a Fam\u00edlia, em 1980, para a Assembleia Especial do S\u00ednodo dos Bispos para a Am\u00e9rica, em 1997, e para S\u00ednodo dos Bispos de 2001.<\/p>\n<p>O Cardeal Hummes participou de dois Conclaves, que elegeram os papas Bento XVI (2005) e Francisco (2013). Ao completar 80 anos, em agosto de 2014, ele deixou de fazer parte do grupo dos cardeais eleitores em um futuro Conclave. (A12)<\/p>\n<p>Foto:Taiana Moura<\/p>\n","protected":false},"excerpt":{"rendered":"<p>O&nbsp;Cardeal Cl\u00e1udio Hummes, OFM, Arcebispo em\u00e9rito de S\u00e3o Paulo, completou 60 anos de ordena\u00e7\u00e3o presbiteral. O cardeal foi ordenado padre em Divin\u00f3polis (MG), em 03 de agosto de 1958, pertencendo \u00e0 Ordem Franciscana dos Frades Menores. Dom Cl\u00e1udio Hummes foi ordenado bispo em Porto Alegre (RS), em 1975 e criado Cardeal Presb\u00edtero do T\u00edtulo de&nbsp;<\/p>\n<p><a class=\"btn btn-style\" href=\"http:\/\/portalcatolico.net\/portal\/cardeal-claudio-hummes-completa-60-anos-de-ordenacao-presbiteral\/\">Continue Reading<\/a><\/p>\n","protected":false},"author":2,"featured_media":57826,"comment_status":"open","ping_status":"open","sticky":false,"template":"","format":"standard","meta":{"footnotes":""},"categories":[3],"tags":[],"class_list":["post-57825","post","type-post","status-publish","format-standard","has-post-thumbnail","hentry","category-noticias_regionais"],"_links":{"self":[{"href":"http:\/\/portalcatolico.net\/portal\/wp-json\/wp\/v2\/posts\/57825","targetHints":{"allow":["GET"]}}],"collection":[{"href":"http:\/\/portalcatolico.net\/portal\/wp-json\/wp\/v2\/posts"}],"about":[{"href":"http:\/\/portalcatolico.net\/portal\/wp-json\/wp\/v2\/types\/post"}],"author":[{"embeddable":true,"href":"http:\/\/portalcatolico.net\/portal\/wp-json\/wp\/v2\/users\/2"}],"replies":[{"embeddable":true,"href":"http:\/\/portalcatolico.net\/portal\/wp-json\/wp\/v2\/comments?post=57825"}],"version-history":[{"count":2,"href":"http:\/\/portalcatolico.net\/portal\/wp-json\/wp\/v2\/posts\/57825\/revisions"}],"predecessor-version":[{"id":57828,"href":"http:\/\/portalcatolico.net\/portal\/wp-json\/wp\/v2\/posts\/57825\/revisions\/57828"}],"wp:featuredmedia":[{"embeddable":true,"href":"http:\/\/portalcatolico.net\/portal\/wp-json\/wp\/v2\/media\/57826"}],"wp:attachment":[{"href":"http:\/\/portalcatolico.net\/portal\/wp-json\/wp\/v2\/media?parent=57825"}],"wp:term":[{"taxonomy":"category","embeddable":true,"href":"http:\/\/portalcatolico.net\/portal\/wp-json\/wp\/v2\/categories?post=57825"},{"taxonomy":"post_tag","embeddable":true,"href":"http:\/\/portalcatolico.net\/portal\/wp-json\/wp\/v2\/tags?post=57825"}],"curies":[{"name":"wp","href":"https:\/\/api.w.org\/{rel}","templated":true}]}}