{"id":57822,"date":"2018-08-26T17:23:29","date_gmt":"2018-08-26T20:23:29","guid":{"rendered":"http:\/\/portalcatolico.net\/portal\/?p=57822"},"modified":"2018-08-26T17:23:29","modified_gmt":"2018-08-26T20:23:29","slug":"papa-familia-promessa-de-um-novo-pentecostes-roma-proxima-sede-em-2021","status":"publish","type":"post","link":"http:\/\/portalcatolico.net\/portal\/papa-familia-promessa-de-um-novo-pentecostes-roma-proxima-sede-em-2021\/","title":{"rendered":"Papa: fam\u00edlia, promessa de um novo Pentecostes. Roma pr\u00f3xima sede em 2021"},"content":{"rendered":"<div class=\"article__subTitle\">O Papa Francisco encerrou o Encontro Mundial das Fam\u00edlias de Dublin e fez um novo pedido de perd\u00e3o pelos abusos cometidos na Igreja irlandesa.<\/div>\n<div class=\"article__text\">\n<p>A missa no Phoenix Park de Dublin encerrou o Encontro Mundial das Fam\u00edlias, motivo da visita do Papa Francisco \u00e0 Irlanda.<\/p>\n<p>No ato penitencial, o Papa Francisco voltou a pedir perd\u00e3o por todos os tipos de abusos cometidos por \u201cmembros qualificados\u201d da Igreja em institui\u00e7\u00f5es administradas por religiosos e religiosas e por membros da hierarquia que permaneceram em sil\u00eancio. O pedido \u00e9 fruto do encontro que o Pont\u00edfice realizou no s\u00e1bado com oito v\u00edtimas irlandesas.<\/p>\n<p>O Papa citou os menores e adultos vulner\u00e1veis v\u00edtimas de mol\u00e9stias, crian\u00e7as e adolescentes explorados para fins laborais e mulheres que tiveram seus filhos subtra\u00eddos por autoridades eclesi\u00e1sticas porque solteiras. Maternidade negada por se tratar de \u201cpecado mortal\u201d. \u201cIsso n\u00e3o \u00e9 pecado mortal, \u00e9 o quarto mandamento [honrar pai e m\u00e3e, ndr]!\u201d, disse Francisco.<\/p>\n<p>\u201dQue o Senhor mantenha e fa\u00e7a crescer este estado de vergonha e arrependimento e nos d\u00ea a for\u00e7a para nos comprometer a trabalhar para que nunca mais aconte\u00e7am e se fa\u00e7a justi\u00e7a.\u201d<\/p>\n<p><strong>Esp\u00edrito e vida<\/strong>J\u00e1 a homilia foi inspirada no Evangelho deste domingo: \u00abTu tens palavras de vida eterna!\u00bb (Jo 6, 68).<\/p>\n<p>Os disc\u00edpulos estavam perplexos, confusos e at\u00e9 irados, hesitando se aceitar ou n\u00e3o as suas \u00abpalavras duras\u00bb, t\u00e3o contr\u00e1rias \u00e0 sabedoria deste mundo. Em resposta, o Senhor lhes diz: \u201cAs palavras que vos disse s\u00e3o esp\u00edrito e s\u00e3o vida\u201d.<\/p>\n<p><strong>Novo Pentecostes<\/strong>\u201cCada dia novo na vida das nossas fam\u00edlias e cada nova gera\u00e7\u00e3o trazem consigo a promessa de um novo Pentecostes, um Pentecostes dom\u00e9stico\u201d, disse o Papa, fazendo votos de que as fam\u00edlias se tornem fonte de encorajamento para os outros, para partilhar \u201cas palavras de vida eterna\u201d de Jesus.<\/p>\n<p>O Filho de Deus, afirmou ainda Francisco, se encarnou neste mundo por meio de uma fam\u00edlia, e em cada gera\u00e7\u00e3o, atrav\u00e9s do testemunho das fam\u00edlias crist\u00e3s, tem o poder de romper todas as barreiras para reconciliar o mundo com Deus e fazer de n\u00f3s aquilo que desde sempre estamos destinados a ser: uma \u00fanica fam\u00edlia humana.<\/p>\n<p><strong>Perd\u00e3o dif\u00edcil<\/strong>Todavia, reconheceu o Pont\u00edfice, a tarefa de dar testemunho desta Boa Nova n\u00e3o \u00e9 f\u00e1cil e sempre haver\u00e1 pessoas que se opor\u00e3o \u00e0 ela.<\/p>\n<p>Mas podemos seguir o exemplo de S\u00e3o Columbano e de seus companheiros irlandeses e jamais nos deixar \u201cinfluenciar ou desanimar pelo olhar gelado da indiferen\u00e7a ou pelos ventos borrascosos da hostilidade\u201d.<\/p>\n<p>\u201cComo permanece dif\u00edcil perdoar \u00e0queles que nos magoam! Que grande desafio continua a ser o acolhimento do migrante e do estrangeiro! Como \u00e9 doloroso suportar a desilus\u00e3o, a rejei\u00e7\u00e3o ou a trai\u00e7\u00e3o! Como \u00e9 inc\u00f3modo proteger os direitos dos mais fr\u00e1geis, dos nascituros ou dos mais idosos, que parecem estorvar o nosso sentido de liberdade!\u201d<\/p>\n<p><strong>Voca\u00e7\u00e3o mission\u00e1ria<\/strong>Miss\u00e3o \u00e1rdua, mas poss\u00edvel, pois podemos contar com a for\u00e7a do Esp\u00edrito e a presen\u00e7a do Senhor sempre ao nosso lado.<\/p>\n<p>Ressaltando a natureza mission\u00e1ria do crist\u00e3o, Francisco recorda que a Igreja \u00e9 chamada a &#8220;sair&#8221; para levar as palavras de vida eterna \u00e0s periferias do mundo.<\/p>\n<p>\u201cQue a nossa celebra\u00e7\u00e3o de hoje confirme cada um de voc\u00eas \u2013 pais e av\u00f3s, crian\u00e7as e jovens, homens e mulheres, frades e freiras, contemplativos e mission\u00e1rios, di\u00e1conos e sacerdotes \u2013 na partilha da alegria do Evangelho! Possam partilhar o Evangelho da fam\u00edlia como alegria para o mundo.\u201d<\/p>\n<p><strong>Ora\u00e7\u00f5es<\/strong>No final da Celebra\u00e7\u00e3o Eucar\u00edstica, o Pont\u00edfice fez um agradecimento a todos os que contribu\u00edram para a realiza\u00e7\u00e3o da viagem.<\/p>\n<p>\u201cUm \u2018obrigado\u2019 muito sentido quero ainda expressar a todas as pessoas que rezaram por este Encontro: idosos, crian\u00e7as, religiosos e religiosas, doentes, reclusos&#8230; Estou certo de que o sucesso da iniciativa se deve \u00e0s ora\u00e7\u00f5es, simples e perseverantes, de todos eles. Obrigado a todos. Que o Senhor os recompense!\u201d<\/p>\n<p><strong>Roma 2021<\/strong>O Prefeito do Dicast\u00e9rio para os Leigos, a Fam\u00edlia e a Vida, Card. Kevin Farrell, anunciou no final da missa que a cidade de Roma ser\u00e1 sede do pr\u00f3ximo Encontro Mundial da Fam\u00edlia em 2021.<\/p>\n<p><iframe loading=\"lazy\"  id=\"_ytid_32348\"  width=\"480\" height=\"270\"  data-origwidth=\"480\" data-origheight=\"270\" src=\"https:\/\/www.youtube.com\/embed\/7i61XL8oBGM?enablejsapi=1&#038;autoplay=0&#038;cc_load_policy=0&#038;cc_lang_pref=&#038;iv_load_policy=1&#038;loop=0&#038;rel=1&#038;fs=1&#038;playsinline=0&#038;autohide=2&#038;theme=dark&#038;color=red&#038;controls=1&#038;disablekb=0&#038;\" class=\"__youtube_prefs__  epyt-is-override  no-lazyload\" title=\"YouTube player\"  allow=\"fullscreen; accelerometer; autoplay; clipboard-write; encrypted-media; gyroscope; picture-in-picture; web-share\" referrerpolicy=\"strict-origin-when-cross-origin\" allowfullscreen data-no-lazy=\"1\" data-skipgform_ajax_framebjll=\"\"><\/iframe><\/p>\n<p>Fonte: Vatican Midia<\/p>\n<\/div>\n","protected":false},"excerpt":{"rendered":"<p>O Papa Francisco encerrou o Encontro Mundial das Fam\u00edlias de Dublin e fez um novo pedido de perd\u00e3o pelos abusos cometidos na Igreja irlandesa. A missa no Phoenix Park de Dublin encerrou o Encontro Mundial das Fam\u00edlias, motivo da visita do Papa Francisco \u00e0 Irlanda. No ato penitencial, o Papa Francisco voltou a pedir perd\u00e3o&nbsp;<\/p>\n<p><a class=\"btn btn-style\" href=\"http:\/\/portalcatolico.net\/portal\/papa-familia-promessa-de-um-novo-pentecostes-roma-proxima-sede-em-2021\/\">Continue Reading<\/a><\/p>\n","protected":false},"author":2,"featured_media":57823,"comment_status":"open","ping_status":"open","sticky":false,"template":"","format":"standard","meta":{"footnotes":""},"categories":[5],"tags":[],"class_list":["post-57822","post","type-post","status-publish","format-standard","has-post-thumbnail","hentry","category-igreja_no_mundo"],"_links":{"self":[{"href":"http:\/\/portalcatolico.net\/portal\/wp-json\/wp\/v2\/posts\/57822","targetHints":{"allow":["GET"]}}],"collection":[{"href":"http:\/\/portalcatolico.net\/portal\/wp-json\/wp\/v2\/posts"}],"about":[{"href":"http:\/\/portalcatolico.net\/portal\/wp-json\/wp\/v2\/types\/post"}],"author":[{"embeddable":true,"href":"http:\/\/portalcatolico.net\/portal\/wp-json\/wp\/v2\/users\/2"}],"replies":[{"embeddable":true,"href":"http:\/\/portalcatolico.net\/portal\/wp-json\/wp\/v2\/comments?post=57822"}],"version-history":[{"count":1,"href":"http:\/\/portalcatolico.net\/portal\/wp-json\/wp\/v2\/posts\/57822\/revisions"}],"predecessor-version":[{"id":57824,"href":"http:\/\/portalcatolico.net\/portal\/wp-json\/wp\/v2\/posts\/57822\/revisions\/57824"}],"wp:featuredmedia":[{"embeddable":true,"href":"http:\/\/portalcatolico.net\/portal\/wp-json\/wp\/v2\/media\/57823"}],"wp:attachment":[{"href":"http:\/\/portalcatolico.net\/portal\/wp-json\/wp\/v2\/media?parent=57822"}],"wp:term":[{"taxonomy":"category","embeddable":true,"href":"http:\/\/portalcatolico.net\/portal\/wp-json\/wp\/v2\/categories?post=57822"},{"taxonomy":"post_tag","embeddable":true,"href":"http:\/\/portalcatolico.net\/portal\/wp-json\/wp\/v2\/tags?post=57822"}],"curies":[{"name":"wp","href":"https:\/\/api.w.org\/{rel}","templated":true}]}}