{"id":57819,"date":"2018-08-26T08:19:15","date_gmt":"2018-08-26T11:19:15","guid":{"rendered":"http:\/\/portalcatolico.net\/portal\/?p=57819"},"modified":"2018-08-26T08:19:15","modified_gmt":"2018-08-26T11:19:15","slug":"papa-chaga-dos-abusos-nos-desafia-a-firmeza-e-decisao-na-busca-da-verdade-e-justica","status":"publish","type":"post","link":"http:\/\/portalcatolico.net\/portal\/papa-chaga-dos-abusos-nos-desafia-a-firmeza-e-decisao-na-busca-da-verdade-e-justica\/","title":{"rendered":"Papa: chaga dos abusos nos desafia \u00e0 firmeza e decis\u00e3o na busca da verdade e justi\u00e7a"},"content":{"rendered":"<p>No Angelus, o Papa pediu a intercess\u00e3o de Maria &#8220;pela cura de todas as pessoas que sofreram abusos de qualquer tipo&#8221; e para que confirmasse &#8220;cada membro da fam\u00edlia crist\u00e3 no decidido prop\u00f3sito de nunca mais permitir que se verifiquem tais situa\u00e7\u00f5es&#8221;, assegurando tamb\u00e9m sua \u201cestima e proximidade na ora\u00e7\u00e3o\u201d \u00e0 popula\u00e7\u00e3o da Irlanda do Norte.<\/p>\n<p>\u201cEsta chaga aberta nos desafia a sermos firmes e decididos na busca da verdade e da justi\u00e7a. Imploro o perd\u00e3o do Senhor para estes pecados, para o esc\u00e2ndalo e a trai\u00e7\u00e3o sentidos por muitos na fam\u00edlia de Deus\u201d.<\/p>\n<p>No&nbsp;<i>Angelus<\/i>&nbsp;no Santu\u00e1rio mariano em Knock, o Papa Francisco voltou a deplorar o esc\u00e2ndalo dos abusos ocorridos na Irlanda e agradeceu pelos \u201cprogressos ecum\u00eanicos e pelo significativo crescimento de amizade e colabora\u00e7\u00e3o entre as comunidades crist\u00e3s\u201d no pa\u00eds.<\/p>\n<p>Chovia e fazia 12\u00baC neste domingo, 26, em Knock, distante 178 km de Dublin. Apesar da curta dist\u00e2ncia, por quest\u00f5es de seguran\u00e7a descartou-se o deslocamento do Papa em helic\u00f3ptero. Assim, ap\u00f3s 40 minuto de voo a bordo de um A321 da&nbsp;<i>Aer Lingus<\/i>, o Santo Padre chegou ao aeroporto da cidade no Condado de Mayo.<\/p>\n<p><strong>O Santu\u00e1rio<\/strong><\/p>\n<p>Ap\u00f3s as apari\u00e7\u00f5es no s\u00e9culo XIX, Knock tonou-se um dos maiores santu\u00e1rios marianos da Europa, ao lado de F\u00e1tima e Lourdes. A cada ano atrai cerca de um milh\u00e3o e meio de peregrinos. Em 1979, S\u00e3o Jo\u00e3o Paulo II visitou o local para comemorar o centen\u00e1rio das apari\u00e7\u00f5es. Em 1993, tamb\u00e9m Santa Madre Teresa de Calcut\u00e1 rezou no Santu\u00e1rio.<\/p>\n<p>Pr\u00f3ximo \u00e0 cidadezinha est\u00e1 um lugar sagrado para os irlandeses, o monte Croagh Patrick, local onde S\u00e3o Patr\u00edcio expulsou todas as serpentes da ilha e jejuou, no ano 441, durante os 40 dias da Quaresma. No \u00faltimo domingo de julho, no \u201cReek Sunday\u201d, milhares de fi\u00e9is peregrinam ao local, muitos descal\u00e7os.<\/p>\n<p>Antes de chegar ao Santu\u00e1rio, o Papa Francisco trocou de ve\u00edculo e passou de papam\u00f3vel entre os fi\u00e9is, sendo ent\u00e3o acolhido pelo arcebispo de Tuam, Dom Neary, por 4 bispos da Prov\u00edncia Eclesi\u00e1stica e por autoridades. Estavam presentes algumas crian\u00e7as.<\/p>\n<p>Ao chegar \u00e0 Capela das Apari\u00e7\u00f5es, onde estavam reunidos 200 fi\u00e9is, o Papa foi recebido pelo Reitor do Santu\u00e1rio, Padre Gibbons. Francisco saudou alguns fi\u00e9is, depositou flores ao p\u00e9s da imagem da Virgem e acendeu uma vela. Ent\u00e3o, um momento de ora\u00e7\u00e3o silenciosa. O Papa ofereceu um Ter\u00e7o de ouro no local, aben\u00e7oou alguns doentes, transferindo-se ent\u00e3o \u00e0 Esplanada do Santu\u00e1rio para rezar os&nbsp;<i>Angelus<\/i>.<\/p>\n<p><strong>Tradi\u00e7\u00e3o do ter\u00e7o em fam\u00edlia<\/strong><\/p>\n<p>&#8220;Good morning!&#8221;, come\u00e7ou o Papa saudando os fi\u00e9is em ingl\u00eas. &#8220;Estou feliz de estar aqui com voc\u00eas, na Casa da M\u00e3e!&#8221;<\/p>\n<p>\u201cNa Capela da Apari\u00e7\u00e3o, confiei \u00e0 amorosa intercess\u00e3o de Nossa Senhora todas as fam\u00edlias do mundo e, de modo especial, as vossas fam\u00edlias, as fam\u00edlias irlandesas\u201d, disse Francisco, acrescentando:<\/p>\n<p><i>\u201cComo recorda\u00e7\u00e3o da minha visita, trouxe o dom dum ter\u00e7o de ouro. Sei como \u00e9 importante, neste pa\u00eds, a tradi\u00e7\u00e3o do ter\u00e7o em fam\u00edlia. N\u00e3o abandonem esta tradi\u00e7\u00e3o. Quantos cora\u00e7\u00f5es de pais, m\u00e3es e filhos, no decorrer dos anos, tiraram consola\u00e7\u00e3o e for\u00e7a da medita\u00e7\u00e3o sobre a participa\u00e7\u00e3o de Nossa Senhora nos mist\u00e9rios gozosos, luminosos, dolorosos e gloriosos da vida de Cristo!<\/i>\u201d<\/p>\n<p>O Papa pediu, que por intercess\u00e3o de Maria, as fam\u00edlias sejam, \u201cno meio dos ventos e tempestades que enfuriam nos nossos tempos, baluartes de f\u00e9 e bondade que, segundo as melhores tradi\u00e7\u00f5es da na\u00e7\u00e3o, resistem a tudo o que pretenda diminuir a dignidade do homem e da mulher, criados \u00e0 imagem de Deus e chamados ao destino sublime da vida eterna\u201d.<\/p>\n<p>\u201c Que Nossa Senhora olhe com miseric\u00f3rdia para todos os membros atribulados na fam\u00edlia do seu Filho \u201d<\/p>\n<p><strong>Nunca mais abusos<\/strong><\/p>\n<p>Ao rezar diante da imagem na capelinha das apari\u00e7\u00f5es \u2013 explicou Francisco &#8211; &nbsp;apresentei a Maria \u201cde modo particular todos os sobreviventes, v\u00edtimas de abusos por membros da Igreja na Irlanda\u201d:<\/p>\n<div>\n<aside class=\"article__readmore\">\n<div class=\"teaser--labelEvidence teaser\">\n<article>\n<div class=\"teaser__labelWrapper\">&nbsp;<\/div>\n<div class=\"teaser__contentWrapper\">\n<div><i>\u201cNenhum de n\u00f3s pode deixar de se comover perante as hist\u00f3rias de menores que sofreram abusos, foram despojados da sua inoc\u00eancia ou que foram afastados das m\u00e3es e abandonados \u00e0 deforma\u00e7\u00e3o de dolorosas recorda\u00e7\u00f5es. Esta chaga aberta nos desafia a sermos firmes e decididos na busca da verdade e da justi\u00e7a. Imploro o perd\u00e3o do Senhor para estes pecados, para o esc\u00e2ndalo e a trai\u00e7\u00e3o sentidos por muitos na fam\u00edlia de Deus. Pe\u00e7o \u00e0 nossa Bem-aventurada M\u00e3e que interceda por todas as pessoas sobrevividas aos abusos de qualquer tipo e confirme cada membro da fam\u00edlia crist\u00e3 no decidido prop\u00f3sito de nunca mais permitir que se verifiquem tais situa\u00e7\u00f5es. E tamb\u00e9m de interceder por todos n\u00f3s, para que possamos proceder sempre com justi\u00e7a e reparar, no que depender de n\u00f3s, tanta viol\u00eancia\u201d<\/i><\/div>\n<\/div>\n<\/article>\n<\/div>\n<\/aside>\n<\/div>\n<p><strong>Irlanda do Norte<\/strong><\/p>\n<p>Assegurando sua \u201cestima e proximidade na ora\u00e7\u00e3o\u201d \u00e0 popula\u00e7\u00e3o da Irlanda do Norte &#8211; que n\u00e3o esteve inclu\u00edda nesta viagem visto o objetivo ser a participa\u00e7\u00e3o no Encontro Mundial das Fam\u00edlias \u2013 o Pont\u00edfice pediu a Nossa Senhora \u201cque sustente todos os membros da fam\u00edlia irlandesa para que perseverem, como irm\u00e3os e irm\u00e3s, na obra de reconcilia\u00e7\u00e3o\u201d.<\/p>\n<p>Francisco tamb\u00e9m agradeceu pelos \u201cprogressos ecum\u00eanicos e pelo significativo crescimento de amizade e colabora\u00e7\u00e3o entre as comunidades crist\u00e3s\u201d.<\/p>\n<p>\u201cRezo para que todos os disc\u00edpulos de Cristo continuem com perseveran\u00e7a os esfor\u00e7os por fazer avan\u00e7ar o processo de paz e construir uma sociedade harmoniosa e justa para os filhos de hoje, sejam crist\u00e3os, sejam mu\u00e7ulmano, sejam judeus, sejam de qualquer f\u00e9: filhos da Irlanda&#8221;.<\/p>\n<p>Depois de recitar o&nbsp;<i>Angelus<\/i>, o Papa dirigiu uma sauda\u00e7\u00e3o especial \u201caos homens e mulheres reclusos neste pa\u00eds&#8221;, e de modo particular, agradeceu a quantos escreveram a ele ao saberem de sua ida \u00e0 Irlanda.<\/p>\n<p>\u201c<i>A v\u00f3s e aos vossos familiares, asseguro a minha proximidade e a minha ora\u00e7\u00e3o. Que Maria, M\u00e3e de Miseric\u00f3rdia, vele por v\u00f3s e vos fortale\u00e7a na f\u00e9 e na esperan\u00e7a\u201d.<\/i><\/p>\n<p>O Papa foi presenteado ao final com um quadro com uma imagem de Nossa Senhora de Knock e deixou um C\u00e1lice para as celebra\u00e7\u00f5es no Santu\u00e1rio. Ap\u00f3s, retornou para Dublin. (Vatican Midia)<\/p>\n<p>Por:Jackson Erpen<\/p>\n<p>&nbsp;<\/p>\n<h2>&nbsp;<\/h2>\n","protected":false},"excerpt":{"rendered":"<p>No Angelus, o Papa pediu a intercess\u00e3o de Maria &#8220;pela cura de todas as pessoas que sofreram abusos de qualquer tipo&#8221; e para que confirmasse &#8220;cada membro da fam\u00edlia crist\u00e3 no decidido prop\u00f3sito de nunca mais permitir que se verifiquem tais situa\u00e7\u00f5es&#8221;, assegurando tamb\u00e9m sua \u201cestima e proximidade na ora\u00e7\u00e3o\u201d \u00e0 popula\u00e7\u00e3o da Irlanda do&nbsp;<\/p>\n<p><a class=\"btn btn-style\" href=\"http:\/\/portalcatolico.net\/portal\/papa-chaga-dos-abusos-nos-desafia-a-firmeza-e-decisao-na-busca-da-verdade-e-justica\/\">Continue Reading<\/a><\/p>\n","protected":false},"author":2,"featured_media":57820,"comment_status":"open","ping_status":"open","sticky":false,"template":"","format":"standard","meta":{"footnotes":""},"categories":[5],"tags":[],"class_list":["post-57819","post","type-post","status-publish","format-standard","has-post-thumbnail","hentry","category-igreja_no_mundo"],"_links":{"self":[{"href":"http:\/\/portalcatolico.net\/portal\/wp-json\/wp\/v2\/posts\/57819","targetHints":{"allow":["GET"]}}],"collection":[{"href":"http:\/\/portalcatolico.net\/portal\/wp-json\/wp\/v2\/posts"}],"about":[{"href":"http:\/\/portalcatolico.net\/portal\/wp-json\/wp\/v2\/types\/post"}],"author":[{"embeddable":true,"href":"http:\/\/portalcatolico.net\/portal\/wp-json\/wp\/v2\/users\/2"}],"replies":[{"embeddable":true,"href":"http:\/\/portalcatolico.net\/portal\/wp-json\/wp\/v2\/comments?post=57819"}],"version-history":[{"count":1,"href":"http:\/\/portalcatolico.net\/portal\/wp-json\/wp\/v2\/posts\/57819\/revisions"}],"predecessor-version":[{"id":57821,"href":"http:\/\/portalcatolico.net\/portal\/wp-json\/wp\/v2\/posts\/57819\/revisions\/57821"}],"wp:featuredmedia":[{"embeddable":true,"href":"http:\/\/portalcatolico.net\/portal\/wp-json\/wp\/v2\/media\/57820"}],"wp:attachment":[{"href":"http:\/\/portalcatolico.net\/portal\/wp-json\/wp\/v2\/media?parent=57819"}],"wp:term":[{"taxonomy":"category","embeddable":true,"href":"http:\/\/portalcatolico.net\/portal\/wp-json\/wp\/v2\/categories?post=57819"},{"taxonomy":"post_tag","embeddable":true,"href":"http:\/\/portalcatolico.net\/portal\/wp-json\/wp\/v2\/tags?post=57819"}],"curies":[{"name":"wp","href":"https:\/\/api.w.org\/{rel}","templated":true}]}}