{"id":57816,"date":"2018-08-26T08:11:49","date_gmt":"2018-08-26T11:11:49","guid":{"rendered":"http:\/\/portalcatolico.net\/portal\/?p=57816"},"modified":"2018-08-26T08:11:49","modified_gmt":"2018-08-26T11:11:49","slug":"festa-da-padroeira-os-hinos-de-nossa-senhora-aparecida","status":"publish","type":"post","link":"http:\/\/portalcatolico.net\/portal\/festa-da-padroeira-os-hinos-de-nossa-senhora-aparecida\/","title":{"rendered":"Festa da Padroeira: Os hinos de Nossa Senhora Aparecida"},"content":{"rendered":"<p>Folheando as tr\u00eas \u00faltimas p\u00e1ginas do&nbsp;livro da Novena e Festa da Padroeira do Brasil&nbsp;deste ano, talvez alguns devotos perguntem pelo hino oficial de 2018.<\/p>\n<p>Para acalmar os atentos a este detalhe, a resposta \u00e9:&nbsp;<b>n\u00e3o h\u00e1 um hino oficial da Novena e Festa da Padroeira de 2018<\/b>. Essa decis\u00e3o foi tomada pela Comiss\u00e3o de Pastoral do Santu\u00e1rio Nacional, a partir de uma reflex\u00e3o feita por Dom Orlando Brandes, nos primeiros&nbsp;encontros para a escolha do tema&nbsp;e a elabora\u00e7\u00e3o do livro da Novena.<\/p>\n<p>Nosso<b>&nbsp;Arcebispo argumentou que h\u00e1 muitos hinos dedicados a Nossa Senhora Aparecida&nbsp;<\/b>e<b>&nbsp;<\/b>que o povo devoto j\u00e1 conhece e canta com entusiasmo de cora\u00e7\u00e3o.<\/p>\n<p>Infelizmente, nem sempre os hinos compostos para cada ano s\u00e3o t\u00e3o belos e de conte\u00fado t\u00e3o significativo quanto os j\u00e1 existentes. Ao mesmo tempo, um dos temas de ora\u00e7\u00e3o e reflex\u00e3o para 2018 \u00e9 o Ano do Laicato, que tem como um dos&nbsp;<b>objetivos incentivar uma maior participa\u00e7\u00e3o dos leigos<\/b>&nbsp;nas atividades internas da igreja, come\u00e7ando pelas celebra\u00e7\u00f5es. Assim sendo, quanto mais pudermos&nbsp;<b>usar de c\u00e2nticos j\u00e1 conhecidos<\/b>, mais participada ficar\u00e1 a novena preparat\u00f3ria e a festa. Al\u00e9m disso, tamb\u00e9m \u00e9 bom observar que, nas festas de padroeiros no Brasil, h\u00e1 apenas um hino que perdura ao longo do tempo; o povo se identifica com ele e o reconhece como sendo o oficial. Assim acontece tamb\u00e9m com a Padroeira do Brasil, quase todos os cat\u00f3licos brasileiros cantam \u201cViva a M\u00e3e de Deus e nossa\u201d, \u201cDai-nos a b\u00ean\u00e7\u00e3o, \u00f3 M\u00e3e querida\u201d, \u201cSanta M\u00e3e, Maria\u201d, etc.<\/p>\n<p>Fundamentada nestas afirma\u00e7\u00f5es, a&nbsp;<b>Comiss\u00e3o de Pastoral tomou a decis\u00e3o de escolher para este ano alguns hinos mais populares<\/b>&nbsp;e mais cantados pelos devotos. Nosso<b>&nbsp;objetivo \u00e9 homenagear Nossa Senhora Aparecida envolvendo o maior n\u00famero poss\u00edvel de crist\u00e3os leigos e leigas<\/b>, tanto nas atividades pastorais quanto nas a\u00e7\u00f5es lit\u00fargicas. Queremos ouvir o povo soltar a voz e cantar com o cora\u00e7\u00e3o emocionado.<\/p>\n<div><i>Padre Jo\u00e3o Batista de Almeida<\/i><\/div>\n<div><i>Reitor do Santu\u00e1rio de Aparecida<\/i><\/div>\n<div>Fonte:A12<\/div>\n","protected":false},"excerpt":{"rendered":"<p>Folheando as tr\u00eas \u00faltimas p\u00e1ginas do&nbsp;livro da Novena e Festa da Padroeira do Brasil&nbsp;deste ano, talvez alguns devotos perguntem pelo hino oficial de 2018. Para acalmar os atentos a este detalhe, a resposta \u00e9:&nbsp;n\u00e3o h\u00e1 um hino oficial da Novena e Festa da Padroeira de 2018. Essa decis\u00e3o foi tomada pela Comiss\u00e3o de Pastoral do&nbsp;<\/p>\n<p><a class=\"btn btn-style\" href=\"http:\/\/portalcatolico.net\/portal\/festa-da-padroeira-os-hinos-de-nossa-senhora-aparecida\/\">Continue Reading<\/a><\/p>\n","protected":false},"author":2,"featured_media":57817,"comment_status":"open","ping_status":"open","sticky":false,"template":"","format":"standard","meta":{"footnotes":""},"categories":[3],"tags":[],"class_list":["post-57816","post","type-post","status-publish","format-standard","has-post-thumbnail","hentry","category-noticias_regionais"],"_links":{"self":[{"href":"http:\/\/portalcatolico.net\/portal\/wp-json\/wp\/v2\/posts\/57816","targetHints":{"allow":["GET"]}}],"collection":[{"href":"http:\/\/portalcatolico.net\/portal\/wp-json\/wp\/v2\/posts"}],"about":[{"href":"http:\/\/portalcatolico.net\/portal\/wp-json\/wp\/v2\/types\/post"}],"author":[{"embeddable":true,"href":"http:\/\/portalcatolico.net\/portal\/wp-json\/wp\/v2\/users\/2"}],"replies":[{"embeddable":true,"href":"http:\/\/portalcatolico.net\/portal\/wp-json\/wp\/v2\/comments?post=57816"}],"version-history":[{"count":1,"href":"http:\/\/portalcatolico.net\/portal\/wp-json\/wp\/v2\/posts\/57816\/revisions"}],"predecessor-version":[{"id":57818,"href":"http:\/\/portalcatolico.net\/portal\/wp-json\/wp\/v2\/posts\/57816\/revisions\/57818"}],"wp:featuredmedia":[{"embeddable":true,"href":"http:\/\/portalcatolico.net\/portal\/wp-json\/wp\/v2\/media\/57817"}],"wp:attachment":[{"href":"http:\/\/portalcatolico.net\/portal\/wp-json\/wp\/v2\/media?parent=57816"}],"wp:term":[{"taxonomy":"category","embeddable":true,"href":"http:\/\/portalcatolico.net\/portal\/wp-json\/wp\/v2\/categories?post=57816"},{"taxonomy":"post_tag","embeddable":true,"href":"http:\/\/portalcatolico.net\/portal\/wp-json\/wp\/v2\/tags?post=57816"}],"curies":[{"name":"wp","href":"https:\/\/api.w.org\/{rel}","templated":true}]}}