{"id":57813,"date":"2018-08-25T20:43:05","date_gmt":"2018-08-25T23:43:05","guid":{"rendered":"http:\/\/portalcatolico.net\/portal\/?p=57813"},"modified":"2018-08-25T20:43:05","modified_gmt":"2018-08-25T23:43:05","slug":"mesmo-com-chuva-milhares-de-fieis-participam-da-romaria-ao-santuario-nacional-de-aparecida","status":"publish","type":"post","link":"http:\/\/portalcatolico.net\/portal\/mesmo-com-chuva-milhares-de-fieis-participam-da-romaria-ao-santuario-nacional-de-aparecida\/","title":{"rendered":"Mesmo com chuva, milhares de fi\u00e9is participam da Romaria ao Santu\u00e1rio Nacional de Aparecida"},"content":{"rendered":"<p>Como ocorre todos os anos, no \u00faltimo s\u00e1bado de agosto, o&nbsp;Santu\u00e1rio Nacional de Aparecida&nbsp;\u00e9 palco de uma das mais tradicionais peregrina\u00e7\u00f5es do pa\u00eds. Neste s\u00e1bado, 25 de agosto, milhares de fi\u00e9is, mission\u00e1rios, di\u00e1conos e padres da<strong>&nbsp;<\/strong>Arquidiocese de S\u00e3o Sebasti\u00e3o do Rio de Janeiro&nbsp;foram ao Santu\u00e1rio para rezar, pedir, agradecer e prestar homenagens a Nossa Senhora.<\/p>\n<p>Nem a chuva que atingiu a regi\u00e3o sudeste impediu os milhares de devotos de Nossa Senhora Aparecida. Logo cedo, \u00f4nibus, vans e carros ocupavam os espa\u00e7os no estacionamento do Santu\u00e1rio. E cada vez chegavam mais. Com a proximidade da Santa Missa, \u00e0s 9h, os fi\u00e9is se reuniram ao redor do Altar Central para celebrar junto ao arcebispo do Rio,&nbsp;Cardeal Orani Jo\u00e3o Tempesta.&nbsp;<\/p>\n<p>Dom Orani&nbsp;ressaltou a f\u00e9 e devo\u00e7\u00e3o do povo fluminense durante a missa. &#8220;Mesmo com horas de viagem e chuva, milhares de fi\u00e9is vieram participar desta linda homenagem a Nossa Senhora Aparecida&#8221;. Ele lembrou ainda da celebra\u00e7\u00e3o dos 40 anos do restauro da imagem, comemorado no \u00faltimo domingo, dia 19. &#8220;A cerim\u00f4nia de restaura\u00e7\u00e3o da imagem nos lembra de que precisamos restaurar tamb\u00e9m a nossa f\u00e9 e proximidade com Deus. Estamos em peregrina\u00e7\u00e3o para que n\u00f3s fa\u00e7amos uma restaura\u00e7\u00e3o pessoal em Deus.&#8221;, completou.<\/p>\n<p>A Romaria da Arquidiocese do Rio de Janeiro \u00e9 uma das maiores e mais tradicionais do Santu\u00e1rio, com registros de peregrinos em 1900.(Arquidiocese do Rio de Janeiro)<\/p>\n<p>Foto: Matheus Mussolin \/ Portal A12<\/p>\n","protected":false},"excerpt":{"rendered":"<p>Como ocorre todos os anos, no \u00faltimo s\u00e1bado de agosto, o&nbsp;Santu\u00e1rio Nacional de Aparecida&nbsp;\u00e9 palco de uma das mais tradicionais peregrina\u00e7\u00f5es do pa\u00eds. Neste s\u00e1bado, 25 de agosto, milhares de fi\u00e9is, mission\u00e1rios, di\u00e1conos e padres da&nbsp;Arquidiocese de S\u00e3o Sebasti\u00e3o do Rio de Janeiro&nbsp;foram ao Santu\u00e1rio para rezar, pedir, agradecer e prestar homenagens a Nossa Senhora.&nbsp;<\/p>\n<p><a class=\"btn btn-style\" href=\"http:\/\/portalcatolico.net\/portal\/mesmo-com-chuva-milhares-de-fieis-participam-da-romaria-ao-santuario-nacional-de-aparecida\/\">Continue Reading<\/a><\/p>\n","protected":false},"author":2,"featured_media":57814,"comment_status":"open","ping_status":"open","sticky":false,"template":"","format":"standard","meta":{"footnotes":""},"categories":[68],"tags":[],"class_list":["post-57813","post","type-post","status-publish","format-standard","has-post-thumbnail","hentry","category-homilias"],"_links":{"self":[{"href":"http:\/\/portalcatolico.net\/portal\/wp-json\/wp\/v2\/posts\/57813","targetHints":{"allow":["GET"]}}],"collection":[{"href":"http:\/\/portalcatolico.net\/portal\/wp-json\/wp\/v2\/posts"}],"about":[{"href":"http:\/\/portalcatolico.net\/portal\/wp-json\/wp\/v2\/types\/post"}],"author":[{"embeddable":true,"href":"http:\/\/portalcatolico.net\/portal\/wp-json\/wp\/v2\/users\/2"}],"replies":[{"embeddable":true,"href":"http:\/\/portalcatolico.net\/portal\/wp-json\/wp\/v2\/comments?post=57813"}],"version-history":[{"count":1,"href":"http:\/\/portalcatolico.net\/portal\/wp-json\/wp\/v2\/posts\/57813\/revisions"}],"predecessor-version":[{"id":57815,"href":"http:\/\/portalcatolico.net\/portal\/wp-json\/wp\/v2\/posts\/57813\/revisions\/57815"}],"wp:featuredmedia":[{"embeddable":true,"href":"http:\/\/portalcatolico.net\/portal\/wp-json\/wp\/v2\/media\/57814"}],"wp:attachment":[{"href":"http:\/\/portalcatolico.net\/portal\/wp-json\/wp\/v2\/media?parent=57813"}],"wp:term":[{"taxonomy":"category","embeddable":true,"href":"http:\/\/portalcatolico.net\/portal\/wp-json\/wp\/v2\/categories?post=57813"},{"taxonomy":"post_tag","embeddable":true,"href":"http:\/\/portalcatolico.net\/portal\/wp-json\/wp\/v2\/tags?post=57813"}],"curies":[{"name":"wp","href":"https:\/\/api.w.org\/{rel}","templated":true}]}}