{"id":57810,"date":"2018-08-25T18:30:28","date_gmt":"2018-08-25T21:30:28","guid":{"rendered":"http:\/\/portalcatolico.net\/portal\/?p=57810"},"modified":"2018-08-25T18:30:28","modified_gmt":"2018-08-25T21:30:28","slug":"dom-peruzzo-catequista-e-muito-mais-uma-vocacao-do-que-uma-funcionalidade","status":"publish","type":"post","link":"http:\/\/portalcatolico.net\/portal\/dom-peruzzo-catequista-e-muito-mais-uma-vocacao-do-que-uma-funcionalidade\/","title":{"rendered":"Dom Peruzzo: \u201cCatequista \u00e9 muito mais uma voca\u00e7\u00e3o do que uma funcionalidade\u201d"},"content":{"rendered":"<p>Todo processo da evangeliza\u00e7\u00e3o come\u00e7a com a catequese. Os primeiros evangelizadores s\u00e3o os catequistas e toda catequese come\u00e7a na fam\u00edlia, com os pais, se estende pela comunidade e atinge toda a a\u00e7\u00e3o da Igreja. No \u00faltimo domingo de agosto, 26, em que comemora-se o Dia do Catequista, a Igreja al\u00e9m de celebrar a semana de ora\u00e7\u00f5es para os minist\u00e9rios e servi\u00e7os na comunidade tamb\u00e9m reflete sobre a voca\u00e7\u00e3o do catequista. \u201c\u00c9 uma feliz ventura que o Dia do Catequista se integre ao calend\u00e1rio do m\u00eas vocacional justamente porque ser catequista \u00e9 muito mais uma voca\u00e7\u00e3o do que uma funcionalidade\u201d, afirma o presidente da Comiss\u00e3o para a Anima\u00e7\u00e3o B\u00edblico-Catequ\u00e9tica da CNBB, dom Jos\u00e9 Ant\u00f4nio Peruzzo.<\/p>\n<p>Ao portal da CNBB, o arcebispo de Curitiba deixou uma mensagem especial a todos aqueles que receberam o chamado de Deus. Para ele, ser catequista n\u00e3o \u00e9 apenas exercer algumas atividades em um hor\u00e1rio programado, mas sim uma maneira de internalizar, de levar para dentro de si o que cr\u00ea, o que professa e depois partilhar com quem precisa aprender a crer e professar. \u201cEntendo isso como voca\u00e7\u00e3o. Cabe tamb\u00e9m interpretar como miss\u00e3o \u00e0queles a quem o Senhor chamou. Se voca\u00e7\u00e3o \u00e9 chamar, o Senhor n\u00e3o chamou ningu\u00e9m para os seus consumos vocacionais\u201d disse o bispo.<\/p>\n<div id=\"attachment_199640\" class=\"wp-caption alignleft\">\n<p>Na entrevista, dom Peruzzo afirmou que todos os relatos b\u00edblicos de voca\u00e7\u00e3o trazem consigo uma miss\u00e3o e uma responsabilidade. \u201cEu gostaria de agradecer primeiro aos catequistas do Brasil por terem acolhido o pedido, aceitado o chamado, por terem abra\u00e7ado a miss\u00e3o. \u00c9 imenso o servi\u00e7o que prestam, mas o campo de trabalho e os desafios tamb\u00e9m s\u00e3o imensos, provavelmente maiores que as nossas for\u00e7as, mas foi assim nos primeiros dias do Cristianismo e os disc\u00edpulos, ap\u00f3stolos foram vencedores porque foram repletos do Esp\u00edrito Santo\u201d, disse.<\/p>\n<p>Ele deseja aos catequistas do Brasil que deixem renovar-se interiormente pela plenitude do Esp\u00edrito de Deus e enfatiza que os desafios nunca ser\u00e3o maiores que a vitalidade interior de cada um. \u201cEi catequista, meu irm\u00e3o, minha irm\u00e3! Lembra quando voc\u00ea foi convidado, quando foi chamado a oferecer a sua participa\u00e7\u00e3o, a oferecer sua ternura para a miss\u00e3o de catequista para a catequese? Talvez tenha se sentido incapaz, talvez tenha dito que n\u00e3o era apto, mas aceitou. Os anos passaram, o tempo se foi e voc\u00ea continua\u2026 quem o sustentou? O Esp\u00edrito de Deus estava l\u00e1!\u201d, real\u00e7ou.<\/p>\n<p>Por \u00faltimo, dom Peruzzo desejou votos de gratid\u00e3o a todos os catequistas pelo seu dia. \u201cNeste dia do catequista entre muitos votos de gratid\u00e3o eu gostaria de lhe desejar que o Esp\u00edrito Santo continue a sustent\u00e1-lo, a sustent\u00e1-la, a servir, porque isso lhe faz tanto bem! Quantas e belas experi\u00eancias, n\u00e3o?! Um grande abra\u00e7o, com muita gratid\u00e3o, querido catequista!\u201d, finalizou o bispo.<\/p>\n<\/div>\n<p>Ao portal da CNBB, o arcebispo de Curitiba deixou uma mensagem especial a todos aqueles que receberam o chamado de Deus. Para ele, ser catequista n\u00e3o \u00e9 apenas exercer algumas atividades em um hor\u00e1rio programado, mas sim uma maneira de internalizar, de levar para dentro de si o que cr\u00ea, o que professa e depois partilhar com quem precisa aprender a crer e professar. \u201cEntendo isso como voca\u00e7\u00e3o. Cabe tamb\u00e9m interpretar como miss\u00e3o \u00e0queles a quem o Senhor chamou. Se voca\u00e7\u00e3o \u00e9 chamar, o Senhor n\u00e3o chamou ningu\u00e9m para os seus consumos vocacionais\u201d disse o bispo.<\/p>\n<p>Na entrevista, dom Peruzzo afirmou que todos os relatos b\u00edblicos de voca\u00e7\u00e3o trazem consigo uma miss\u00e3o e uma responsabilidade. \u201cEu gostaria de agradecer primeiro aos catequistas do Brasil por terem acolhido o pedido, aceitado o chamado, por terem abra\u00e7ado a miss\u00e3o. \u00c9 imenso o servi\u00e7o que prestam, mas o campo de trabalho e os desafios tamb\u00e9m s\u00e3o imensos, provavelmente maiores que as nossas for\u00e7as, mas foi assim nos primeiros dias do Cristianismo e os disc\u00edpulos, ap\u00f3stolos foram vencedores porque foram repletos do Esp\u00edrito Santo\u201d, disse.<\/p>\n<p>Ele deseja aos catequistas do Brasil que deixem renovar-se interiormente pela plenitude do Esp\u00edrito de Deus e enfatiza que os desafios nunca ser\u00e3o maiores que a vitalidade interior de cada um. \u201cEi catequista, meu irm\u00e3o, minha irm\u00e3! Lembra quando voc\u00ea foi convidado, quando foi chamado a oferecer a sua participa\u00e7\u00e3o, a oferecer sua ternura para a miss\u00e3o de catequista para a catequese? Talvez tenha se sentido incapaz, talvez tenha dito que n\u00e3o era apto, mas aceitou. Os anos passaram, o tempo se foi e voc\u00ea continua\u2026 quem o sustentou? O Esp\u00edrito de Deus estava l\u00e1!\u201d, real\u00e7ou.<\/p>\n<p>Por \u00faltimo, dom Peruzzo desejou votos de gratid\u00e3o a todos os catequistas pelo seu dia. \u201cNeste dia do catequista entre muitos votos de gratid\u00e3o eu gostaria de lhe desejar que o Esp\u00edrito Santo continue a sustent\u00e1-lo, a sustent\u00e1-la, a servir, porque isso lhe faz tanto bem! Quantas e belas experi\u00eancias, n\u00e3o?! Um grande abra\u00e7o, com muita gratid\u00e3o, querido catequista!\u201d, finalizou o bispo.<\/p>\n<p>Dom Peruzzo, presidente da Comiss\u00e3o para a Anima\u00e7\u00e3o B\u00edblico-Catequ\u00e9tica da CNBB<\/p>\n<p>Fonte:CNBB<\/p>\n","protected":false},"excerpt":{"rendered":"<p>Todo processo da evangeliza\u00e7\u00e3o come\u00e7a com a catequese. Os primeiros evangelizadores s\u00e3o os catequistas e toda catequese come\u00e7a na fam\u00edlia, com os pais, se estende pela comunidade e atinge toda a a\u00e7\u00e3o da Igreja. No \u00faltimo domingo de agosto, 26, em que comemora-se o Dia do Catequista, a Igreja al\u00e9m de celebrar a semana de&nbsp;<\/p>\n<p><a class=\"btn btn-style\" href=\"http:\/\/portalcatolico.net\/portal\/dom-peruzzo-catequista-e-muito-mais-uma-vocacao-do-que-uma-funcionalidade\/\">Continue Reading<\/a><\/p>\n","protected":false},"author":2,"featured_media":57811,"comment_status":"open","ping_status":"open","sticky":false,"template":"","format":"standard","meta":{"footnotes":""},"categories":[3],"tags":[],"class_list":["post-57810","post","type-post","status-publish","format-standard","has-post-thumbnail","hentry","category-noticias_regionais"],"_links":{"self":[{"href":"http:\/\/portalcatolico.net\/portal\/wp-json\/wp\/v2\/posts\/57810","targetHints":{"allow":["GET"]}}],"collection":[{"href":"http:\/\/portalcatolico.net\/portal\/wp-json\/wp\/v2\/posts"}],"about":[{"href":"http:\/\/portalcatolico.net\/portal\/wp-json\/wp\/v2\/types\/post"}],"author":[{"embeddable":true,"href":"http:\/\/portalcatolico.net\/portal\/wp-json\/wp\/v2\/users\/2"}],"replies":[{"embeddable":true,"href":"http:\/\/portalcatolico.net\/portal\/wp-json\/wp\/v2\/comments?post=57810"}],"version-history":[{"count":1,"href":"http:\/\/portalcatolico.net\/portal\/wp-json\/wp\/v2\/posts\/57810\/revisions"}],"predecessor-version":[{"id":57812,"href":"http:\/\/portalcatolico.net\/portal\/wp-json\/wp\/v2\/posts\/57810\/revisions\/57812"}],"wp:featuredmedia":[{"embeddable":true,"href":"http:\/\/portalcatolico.net\/portal\/wp-json\/wp\/v2\/media\/57811"}],"wp:attachment":[{"href":"http:\/\/portalcatolico.net\/portal\/wp-json\/wp\/v2\/media?parent=57810"}],"wp:term":[{"taxonomy":"category","embeddable":true,"href":"http:\/\/portalcatolico.net\/portal\/wp-json\/wp\/v2\/categories?post=57810"},{"taxonomy":"post_tag","embeddable":true,"href":"http:\/\/portalcatolico.net\/portal\/wp-json\/wp\/v2\/tags?post=57810"}],"curies":[{"name":"wp","href":"https:\/\/api.w.org\/{rel}","templated":true}]}}