{"id":57806,"date":"2018-08-25T11:49:14","date_gmt":"2018-08-25T14:49:14","guid":{"rendered":"http:\/\/portalcatolico.net\/portal\/?p=57806"},"modified":"2018-08-25T11:51:08","modified_gmt":"2018-08-25T14:51:08","slug":"ordenacao-episcopal-do-padre-valdemir-vicente","status":"publish","type":"post","link":"http:\/\/portalcatolico.net\/portal\/ordenacao-episcopal-do-padre-valdemir-vicente\/","title":{"rendered":"Arquidioceses de Aracaju e Fortaleza acolhem, com j\u00fabilo, a ordena\u00e7\u00e3o episcopal de Dom Valdemir Vicente"},"content":{"rendered":"<p class=\"font_7\"><span class=\"transparent\"><strong>O clero e o povo de Deus das arquidioceses de Aracaju e Fortaleza vivenciaram, nesta sexta-feira, 24 de agosto, numa comunh\u00e3o de f\u00e9, as alegrias e b\u00ean\u00e7\u00e3os de um acontecimento memor\u00e1vel: a sagra\u00e7\u00e3o episcopal de Dom Valdemir Vicente, nomeado pelo Papa Francisco como bispo auxiliar de Fortaleza. Presidida pelo arcebispo metropolitano de Aracaju, Dom Jo\u00e3o Jos\u00e9 Costa (sagrante principal), e concelebrada por outros nove bispos, dezenas de sacerdotes e di\u00e1conos, a solene liturgia ocorreu na matriz da par\u00f3quia Nossa Senhora de Lourdes, bairro Siqueira Campos, Aracaju, comunidade paroquial onde o novo prelado serviu como p\u00e1roco nos \u00faltimos tr\u00eas anos.<\/strong><\/span><\/p>\n<p class=\"font_7\"><span class=\"transparent\"><strong>&nbsp;<\/strong><\/span><span class=\"transparent\"><strong>Dom Jos\u00e9 Palmeira Lessa, arcebispo em\u00e9rito de Aracaju, e Dom Ant\u00f4nio Tosi, arcebispo de Fortaleza, foram os bispos consagrantes. A solene concelebra\u00e7\u00e3o eucar\u00edstica tamb\u00e9m foi enriquecida com as presen\u00e7as de Dom Giovanni Crippa (bispo de Est\u00e2ncia), Dom Vitor Aguinaldo (bispo de Propri\u00e1), Dom Dulc\u00eanio Fontes de Matos (bispo de Campina Grande-PB), Dom Val\u00e9rio Breda (bispo de Penedo-AL), Dom Andr\u00e9 Vital (bispo de Limoeiro do Norte-CE), Dom Jos\u00e9 Edson (bispo de Eun\u00e1polis), Dom Paulo Celso (bispo auxiliar do Rio de Janeiro), e do Monsenhor J\u00falio C\u00e9sar Souza de Jesus, tamb\u00e9m nomeado bispo auxiliar de Fortaleza.<\/strong><\/span><\/p>\n<p class=\"font_7\"><span class=\"transparent\"><strong>&nbsp;<\/strong><\/span><span class=\"transparent\"><strong>Dom Valdemir Andrade, cujo lema episcopal \u00e9 \u201cFazei tudo para a gl\u00f3ria de Deus\u201d (2Cor 10,31), foi ordenado justamente no mesmo dia em que comemorou 17 anos de minist\u00e9rio sacerdotal. Natural de Aracaju e com 45 anos de idade, \u00e9 o primeiro bispo egresso do Semin\u00e1rio Maior Nossa Senhora da Concei\u00e7\u00e3o, da Prov\u00edncia Eclesi\u00e1stica de Aracaju. Al\u00e9m de p\u00e1roco em v\u00e1rias comunidades da nossa arquidiocese, atuou como reitor do Semin\u00e1rio Proped\u00eautico Sagrado Cora\u00e7\u00e3o de Jesus (Aracaju), diretor espiritual no Semin\u00e1rio Maior, chanceler da C\u00faria Metropolitana, not\u00e1rio nos processos das mat\u00e9rias reservadas \u00e0 Santa S\u00e9, membro do conselho presbiteral e do Col\u00e9gio de Consultores, vig\u00e1rio episcopal e vig\u00e1rio-geral da Arquidiocese.<\/strong><\/span><\/p>\n<p class=\"font_7\"><span class=\"transparent\"><strong>&nbsp;<\/strong><\/span><span class=\"transparent\"><strong>Na homilia, Dom Jo\u00e3o Costa ressaltou que a ordena\u00e7\u00e3o de Dom Valdemir tornou ainda mais representativa a participa\u00e7\u00e3o dos sergipanos no episcopado brasileiro. Quatro dos 10 bispos presentes \u00e0 cerim\u00f4nia de sagra\u00e7\u00e3o s\u00e3o naturais de Sergipe, tr\u00eas deles do munic\u00edpio de Lagarto (Dom Jo\u00e3o, Dom Dulc\u00eanio e Dom Paulo Celso).<\/strong><\/span><\/p>\n<p class=\"font_7\"><span class=\"transparent\"><strong>Dirigindo-se aos bispos, a todos os membros do clero e ao grande n\u00famero de fieis presentes, Dom Jo\u00e3o pediu uma profunda e sincera acolhida a Dom Valdemir: \u201cSeja acolhido com j\u00fabilo e a\u00e7\u00e3o de gra\u00e7as, este nosso irm\u00e3o (&#8230;). Ele deve ser honrado como ministro de Cristo e dispensador dos mist\u00e9rios de Deus, pois a ele foi confiado dar testemunho da Boa Nova e o minist\u00e9rio do Esp\u00edrito e da santidade\u201d.<\/strong><\/span><\/p>\n<p class=\"font_7\"><span class=\"transparent\"><strong>&nbsp;<\/strong><\/span><span class=\"transparent\"><strong>Ao novo bispo, o arcebispo metropolitano de Aracaju exortou para que ele sempre recorde de que foi tirado dentre os seres humanos e colocado a servi\u00e7o deles nas coisas de Deus. \u201cO Episcopado \u00e9 um servi\u00e7o e n\u00e3o uma honra; o bispo deve distinguir-se mais pelo servi\u00e7o prestado que pelas honrarias que poder\u00e1 receber, como diz o Senhor: aquele que \u00e9 maior seja o menor de todos, e aquele que preside, como o que serve\u201d (Lc 22, 26).<\/strong><\/span><\/p>\n<p class=\"font_7\"><span class=\"transparent\"><strong>&nbsp;<\/strong><\/span><span class=\"transparent\"><strong>Nas palavras de agradecimento, Dom Valdemir Vicente recordou o dia (25 de junho deste ano) em que Dom Jo\u00e3o Costa, em nome do Papa Francisco, perguntou se aceitaria ser bispo auxiliar de Fortaleza. \u201cA primeira coisa que me veio \u00e0 mente foram as palavras que sempre acompanharam a minha caminhada vocacional: \u00b4fazei tudo para a gl\u00f3ria de Deus\u00b4. Depois de ter tido SIM, chorei como crian\u00e7a que n\u00e3o quer outra coisa sen\u00e3o os bra\u00e7os da M\u00e3e. Em F\u00e1tima, Portugal, passei longos dias chorando, rezando e meditando este chamado inusitado de Deus em minha vida\u201d.<\/strong><\/span><\/p>\n<p class=\"font_7\"><span class=\"transparent\"><strong>&nbsp;<\/strong><\/span><span class=\"transparent\"><strong>A apresenta\u00e7\u00e3o de Dom Valdemir, em Fortaleza, est\u00e1 marcada para o dia 6 de outubro (s\u00e1bado), \u00e0s 18h30, na catedral da S\u00e9.<\/strong><\/span><\/p>\n<p class=\"font_7\"><span class=\"transparent\"><strong>&nbsp;<\/strong><\/span><span class=\"transparent\"><strong>Foto: Carlos Barbosa &#8211; SRTE-SE 2255<\/strong><\/span><\/p>\n<p>Fonte:Arquidiocese de Aracaju (SE)<\/p>\n","protected":false},"excerpt":{"rendered":"<p>O clero e o povo de Deus das arquidioceses de Aracaju e Fortaleza vivenciaram, nesta sexta-feira, 24 de agosto, numa comunh\u00e3o de f\u00e9, as alegrias e b\u00ean\u00e7\u00e3os de um acontecimento memor\u00e1vel: a sagra\u00e7\u00e3o episcopal de Dom Valdemir Vicente, nomeado pelo Papa Francisco como bispo auxiliar de Fortaleza. Presidida pelo arcebispo metropolitano de Aracaju, Dom Jo\u00e3o&nbsp;<\/p>\n<p><a class=\"btn btn-style\" href=\"http:\/\/portalcatolico.net\/portal\/ordenacao-episcopal-do-padre-valdemir-vicente\/\">Continue Reading<\/a><\/p>\n","protected":false},"author":2,"featured_media":57807,"comment_status":"open","ping_status":"open","sticky":false,"template":"","format":"standard","meta":{"footnotes":""},"categories":[3],"tags":[],"class_list":["post-57806","post","type-post","status-publish","format-standard","has-post-thumbnail","hentry","category-noticias_regionais"],"_links":{"self":[{"href":"http:\/\/portalcatolico.net\/portal\/wp-json\/wp\/v2\/posts\/57806","targetHints":{"allow":["GET"]}}],"collection":[{"href":"http:\/\/portalcatolico.net\/portal\/wp-json\/wp\/v2\/posts"}],"about":[{"href":"http:\/\/portalcatolico.net\/portal\/wp-json\/wp\/v2\/types\/post"}],"author":[{"embeddable":true,"href":"http:\/\/portalcatolico.net\/portal\/wp-json\/wp\/v2\/users\/2"}],"replies":[{"embeddable":true,"href":"http:\/\/portalcatolico.net\/portal\/wp-json\/wp\/v2\/comments?post=57806"}],"version-history":[{"count":2,"href":"http:\/\/portalcatolico.net\/portal\/wp-json\/wp\/v2\/posts\/57806\/revisions"}],"predecessor-version":[{"id":57809,"href":"http:\/\/portalcatolico.net\/portal\/wp-json\/wp\/v2\/posts\/57806\/revisions\/57809"}],"wp:featuredmedia":[{"embeddable":true,"href":"http:\/\/portalcatolico.net\/portal\/wp-json\/wp\/v2\/media\/57807"}],"wp:attachment":[{"href":"http:\/\/portalcatolico.net\/portal\/wp-json\/wp\/v2\/media?parent=57806"}],"wp:term":[{"taxonomy":"category","embeddable":true,"href":"http:\/\/portalcatolico.net\/portal\/wp-json\/wp\/v2\/categories?post=57806"},{"taxonomy":"post_tag","embeddable":true,"href":"http:\/\/portalcatolico.net\/portal\/wp-json\/wp\/v2\/tags?post=57806"}],"curies":[{"name":"wp","href":"https:\/\/api.w.org\/{rel}","templated":true}]}}