{"id":57803,"date":"2018-08-25T11:16:50","date_gmt":"2018-08-25T14:16:50","guid":{"rendered":"http:\/\/portalcatolico.net\/portal\/?p=57803"},"modified":"2018-08-25T11:16:50","modified_gmt":"2018-08-25T14:16:50","slug":"papa-francisco-chegou-a-irlanda-para-presidir-o-encontro-mundial-das-familias-2018","status":"publish","type":"post","link":"http:\/\/portalcatolico.net\/portal\/papa-francisco-chegou-a-irlanda-para-presidir-o-encontro-mundial-das-familias-2018\/","title":{"rendered":"Papa Francisco chegou \u00e0 Irlanda para presidir o Encontro Mundial das Fam\u00edlias 2018"},"content":{"rendered":"<p>O Papa Francisco j\u00e1 est\u00e1 em Dublin na sua 24\u00aa viagem apost\u00f3lica internacional, para onde viajou por ocasi\u00e3o do Encontro Mundial das Fam\u00edlias.<\/p>\n<p>O avi\u00e3o da companhia Alitalia, com o Pont\u00edfice aborco, decolou do Aeroporto Internacional de Roma-Fiumicino \u00e0s 8h30 (hora local) e aterrissou no de Dublin \u00e0s 10h30 (11h30 hora de Roma), ap\u00f3s 3 horas e 15 minutos de voo.<\/p>\n<p>Durante o voo e como \u00e9 tradi\u00e7\u00e3o, o Papa enviou um telegrama ao presidente da Rep\u00fablica Italiana, Sergio Mattarela, no qual invoca \u201csobre a na\u00e7\u00e3o italiana abundantes d\u00e1divas de vis\u00e3o e sabedoria para continuar a apreciar e preservar o valor do matrim\u00f4nio e da fam\u00edlia\u201d.<\/p>\n<p>O Papa saudou, durante o voo, os 70 jornalistas que o acompanhar\u00e3o ao longo desses dias e explicou que guarda uma boa recorda\u00e7\u00e3o da Irlanda, porque estudou ingl\u00eas durante tr\u00eas meses nesse pa\u00eds. \u201cObrigado por sua companhia e abrigado por ter vindo. Est\u00e1 ser\u00e1 minha segunda festa das fam\u00edlias, a primeira foi na Filad\u00e9lfia. Gosto de estar com as fam\u00edlias! Estou feliz por esta viagem\u201d, disse na sauda\u00e7\u00e3o.<\/p>\n<p>\u201cH\u00e1 tamb\u00e9m um segundo motivo que toca um pouco o meu cora\u00e7\u00e3o, porque estive na Irlanda h\u00e1 38 anos, em 1980, por tr\u00eas meses, para praticar um pouco de ingl\u00eas. Tamb\u00e9m para mim essa \u00e9 uma bela recorda\u00e7\u00e3o. Obrigado por seu trabalho\u201d, acrescentou.<\/p>\n<p>Ao chegar, foi recebido pelas autoridades da Irlanda, acompanhados por duas crian\u00e7as com roupas t\u00edpicas do pa\u00eds, que lhe ofereceram flores. Tamb\u00e9m estiveram presentes o Cardeal Kevin Farrel, presidente do Dicast\u00e9rio para os Leigos,&nbsp;Vida&nbsp;e Fam\u00edlia, o Arcebispo de Dublin, Dom Diarmui Martin, e outros representantes eclesi\u00e1sticos.<\/p>\n<p>Do aeroporto, Francisco seguiu para a resid\u00eancia presidencial, onde aconteceu a cerim\u00f4nia de boas-vindas.(ACI Digital)<\/p>\n<p>Papa Francisco em sua chegada a Dublin \/ Foto: Vatican Media<\/p>\n<p>&nbsp;<\/p>\n","protected":false},"excerpt":{"rendered":"<p>O Papa Francisco j\u00e1 est\u00e1 em Dublin na sua 24\u00aa viagem apost\u00f3lica internacional, para onde viajou por ocasi\u00e3o do Encontro Mundial das Fam\u00edlias. O avi\u00e3o da companhia Alitalia, com o Pont\u00edfice aborco, decolou do Aeroporto Internacional de Roma-Fiumicino \u00e0s 8h30 (hora local) e aterrissou no de Dublin \u00e0s 10h30 (11h30 hora de Roma), ap\u00f3s 3&nbsp;<\/p>\n<p><a class=\"btn btn-style\" href=\"http:\/\/portalcatolico.net\/portal\/papa-francisco-chegou-a-irlanda-para-presidir-o-encontro-mundial-das-familias-2018\/\">Continue Reading<\/a><\/p>\n","protected":false},"author":2,"featured_media":57804,"comment_status":"open","ping_status":"open","sticky":false,"template":"","format":"standard","meta":{"footnotes":""},"categories":[5],"tags":[],"class_list":["post-57803","post","type-post","status-publish","format-standard","has-post-thumbnail","hentry","category-igreja_no_mundo"],"_links":{"self":[{"href":"http:\/\/portalcatolico.net\/portal\/wp-json\/wp\/v2\/posts\/57803","targetHints":{"allow":["GET"]}}],"collection":[{"href":"http:\/\/portalcatolico.net\/portal\/wp-json\/wp\/v2\/posts"}],"about":[{"href":"http:\/\/portalcatolico.net\/portal\/wp-json\/wp\/v2\/types\/post"}],"author":[{"embeddable":true,"href":"http:\/\/portalcatolico.net\/portal\/wp-json\/wp\/v2\/users\/2"}],"replies":[{"embeddable":true,"href":"http:\/\/portalcatolico.net\/portal\/wp-json\/wp\/v2\/comments?post=57803"}],"version-history":[{"count":1,"href":"http:\/\/portalcatolico.net\/portal\/wp-json\/wp\/v2\/posts\/57803\/revisions"}],"predecessor-version":[{"id":57805,"href":"http:\/\/portalcatolico.net\/portal\/wp-json\/wp\/v2\/posts\/57803\/revisions\/57805"}],"wp:featuredmedia":[{"embeddable":true,"href":"http:\/\/portalcatolico.net\/portal\/wp-json\/wp\/v2\/media\/57804"}],"wp:attachment":[{"href":"http:\/\/portalcatolico.net\/portal\/wp-json\/wp\/v2\/media?parent=57803"}],"wp:term":[{"taxonomy":"category","embeddable":true,"href":"http:\/\/portalcatolico.net\/portal\/wp-json\/wp\/v2\/categories?post=57803"},{"taxonomy":"post_tag","embeddable":true,"href":"http:\/\/portalcatolico.net\/portal\/wp-json\/wp\/v2\/tags?post=57803"}],"curies":[{"name":"wp","href":"https:\/\/api.w.org\/{rel}","templated":true}]}}