{"id":57800,"date":"2018-08-25T11:11:15","date_gmt":"2018-08-25T14:11:15","guid":{"rendered":"http:\/\/portalcatolico.net\/portal\/?p=57800"},"modified":"2018-08-25T11:14:14","modified_gmt":"2018-08-25T14:14:14","slug":"mes-vocacional-a-vida-religiosa-evidencia-uma-doacao-integral-de-si-a-deus-a-igreja-e-as-pessoas","status":"publish","type":"post","link":"http:\/\/portalcatolico.net\/portal\/mes-vocacional-a-vida-religiosa-evidencia-uma-doacao-integral-de-si-a-deus-a-igreja-e-as-pessoas\/","title":{"rendered":"M\u00eas vocacional: \u201cA vida religiosa evidencia uma doa\u00e7\u00e3o integral de si a Deus, \u00e0 Igreja e \u00e0s pessoas\u201d"},"content":{"rendered":"<p>&nbsp;O arcebispo de Passo Fundo (RS), dom Rodolfo Lu\u00eds Weber, por ocasi\u00e3o do terceiro domingo do m\u00eas vocacional, 19 de agosto, celebrado na Igreja Cat\u00f3lica apresentou, em artigo publicado neste portal, uma homenagem aos vocacionados \u00e0 vida consagrada. \u201cA vida religiosa tem uma import\u00e2ncia fundamental para Igreja e para a sociedade\u201d, reconhece.<\/p>\n<p>Segundo o religioso, n\u00e3o d\u00e1 para falar da hist\u00f3ria dos 47 munic\u00edpios que comp\u00f5em a \u00e1rea da arquidiocese de Passo Fundo ignorando a presen\u00e7a viva e atuante das Congrega\u00e7\u00f5es Religiosas: 10 Congrega\u00e7\u00f5es Masculinas, presentes em 24 comunidades e 15 Congrega\u00e7\u00f5es Femininas, formando 47 comunidades. \u201cEles s\u00e3o uma presen\u00e7a marcante atrav\u00e9s da presen\u00e7a e atrav\u00e9s das atividades que realizam. Se faz necess\u00e1rio falar destas pessoas e destas obras e reconhecer a sua import\u00e2ncia para o desenvolvimento religioso, cultural e econ\u00f4mico de nossas cidades\u201d, disse.<\/p>\n<p>Como exemplo, o religioso, destaca o trabalho desenvolvido na \u00e1rea da educa\u00e7\u00e3o. \u201cHoje temos v\u00e1rias e grandes escolas que procuram oferecer uma educa\u00e7\u00e3o de primeira qualidade e que tem como diferencial apresentar e desenvolver os valores crist\u00e3os\u201d, disse. Dom Rodolfo destaca tamb\u00e9m o trabalho realizado nas comunidades paroquiais pela presen\u00e7a, pelas visitas e catequese. O \u201cProjeto Transforma\u00e7\u00e3o\u201d re\u00fane v\u00e1rias Congrega\u00e7\u00f5es em sua arquidiocese.<\/p>\n<p>Votos religiosos \u2013 \u201cA vida religiosa \u00e9 uma vida consagrada que evidencia a doa\u00e7\u00e3o integral de si a Deus, de servi\u00e7o total a Ele e \u00e0s pessoas. O sinal vis\u00edvel da consagra\u00e7\u00e3o na vida religiosa \u00e9 a profiss\u00e3o dos chamados \u2018conselhos evang\u00e9licos ou votos\u2019: pobreza, obedi\u00eancia e castidade\u201d, ressalta o religioso.<\/p>\n<p>Os vocacionados \u00e0 vida religiosa consagrada professam tr\u00eas votos explica dom Rodolfo. No voto de pobreza, os religiosos abrem m\u00e3o de terem bens em nome pr\u00f3prio. Os bens s\u00e3o colocados em comum, para a congrega\u00e7\u00e3o e servem para todos os seus membros: alimenta\u00e7\u00e3o, vestu\u00e1rio, moradia, sa\u00fade e a realiza\u00e7\u00e3o das atividades. \u201cIsto se constitui uma provoca\u00e7\u00e3o para a sociedade que tem a marca da concentra\u00e7\u00e3o da renda nas m\u00e3os de muitos pouco em detrimento de uma multid\u00e3o que vive com o m\u00ednimo ou que at\u00e9 n\u00e3o tem o m\u00ednimo necess\u00e1rio\u201d, disse.<\/p>\n<p>O voto de obedi\u00eancia situa-se no \u00e2mbito de aderir livremente aos projetos comunit\u00e1rios da Congrega\u00e7\u00e3o e da Igreja. \u00c9 abrir m\u00e3o de causas pessoais e abra\u00e7ar projetos que n\u00e3o s\u00e3o oriundos da pr\u00f3pria vontade. \u201cEste voto \u00e9 uma provoca\u00e7\u00e3o contra a vis\u00e3o individualista e ego\u00edsta de viver. Se somente os interesses pessoais forem priorit\u00e1rios, a conviv\u00eancia humana fica invi\u00e1vel\u201d, afirma. E, por fim, o voto de castidade situa-se no \u00e2mbito do amor incondicional a Cristo e na colabora\u00e7\u00e3o do seu projeto de anunciar e propagar o Reino de Deus. Aponta para as realidades transcendentes, da espiritualidade, da ora\u00e7\u00e3o.<\/p>\n<p>Fonte:Arquidiocese de Macei\u00f3 (AL)<\/p>\n","protected":false},"excerpt":{"rendered":"<p>&nbsp;O arcebispo de Passo Fundo (RS), dom Rodolfo Lu\u00eds Weber, por ocasi\u00e3o do terceiro domingo do m\u00eas vocacional, 19 de agosto, celebrado na Igreja Cat\u00f3lica apresentou, em artigo publicado neste portal, uma homenagem aos vocacionados \u00e0 vida consagrada. \u201cA vida religiosa tem uma import\u00e2ncia fundamental para Igreja e para a sociedade\u201d, reconhece. Segundo o religioso,&nbsp;<\/p>\n<p><a class=\"btn btn-style\" href=\"http:\/\/portalcatolico.net\/portal\/mes-vocacional-a-vida-religiosa-evidencia-uma-doacao-integral-de-si-a-deus-a-igreja-e-as-pessoas\/\">Continue Reading<\/a><\/p>\n","protected":false},"author":2,"featured_media":57801,"comment_status":"open","ping_status":"open","sticky":false,"template":"","format":"standard","meta":{"footnotes":""},"categories":[69],"tags":[],"class_list":["post-57800","post","type-post","status-publish","format-standard","has-post-thumbnail","hentry","category-artigos"],"_links":{"self":[{"href":"http:\/\/portalcatolico.net\/portal\/wp-json\/wp\/v2\/posts\/57800","targetHints":{"allow":["GET"]}}],"collection":[{"href":"http:\/\/portalcatolico.net\/portal\/wp-json\/wp\/v2\/posts"}],"about":[{"href":"http:\/\/portalcatolico.net\/portal\/wp-json\/wp\/v2\/types\/post"}],"author":[{"embeddable":true,"href":"http:\/\/portalcatolico.net\/portal\/wp-json\/wp\/v2\/users\/2"}],"replies":[{"embeddable":true,"href":"http:\/\/portalcatolico.net\/portal\/wp-json\/wp\/v2\/comments?post=57800"}],"version-history":[{"count":1,"href":"http:\/\/portalcatolico.net\/portal\/wp-json\/wp\/v2\/posts\/57800\/revisions"}],"predecessor-version":[{"id":57802,"href":"http:\/\/portalcatolico.net\/portal\/wp-json\/wp\/v2\/posts\/57800\/revisions\/57802"}],"wp:featuredmedia":[{"embeddable":true,"href":"http:\/\/portalcatolico.net\/portal\/wp-json\/wp\/v2\/media\/57801"}],"wp:attachment":[{"href":"http:\/\/portalcatolico.net\/portal\/wp-json\/wp\/v2\/media?parent=57800"}],"wp:term":[{"taxonomy":"category","embeddable":true,"href":"http:\/\/portalcatolico.net\/portal\/wp-json\/wp\/v2\/categories?post=57800"},{"taxonomy":"post_tag","embeddable":true,"href":"http:\/\/portalcatolico.net\/portal\/wp-json\/wp\/v2\/tags?post=57800"}],"curies":[{"name":"wp","href":"https:\/\/api.w.org\/{rel}","templated":true}]}}