{"id":57795,"date":"2018-08-24T22:09:53","date_gmt":"2018-08-25T01:09:53","guid":{"rendered":"http:\/\/portalcatolico.net\/portal\/?p=57795"},"modified":"2018-08-24T22:11:01","modified_gmt":"2018-08-25T01:11:01","slug":"grupo-mefa-realiza-momentos-de-oracao-em-itabuna","status":"publish","type":"post","link":"http:\/\/portalcatolico.net\/portal\/grupo-mefa-realiza-momentos-de-oracao-em-itabuna\/","title":{"rendered":"Grupo Mefa realiza momentos de ora\u00e7\u00e3o em Itabuna"},"content":{"rendered":"<div dir=\"auto\">Integrantes do Grupo de Ora\u00e7\u00e3o M\u00e3e do Sant\u00edssimo Sacramento est\u00e1 realizando uma vez por m\u00eas momentos de Ora\u00e7\u00e3o na rua com o apoio dos moradores do bairro Banco Raso em Itabuna (BA).&nbsp;<\/div>\n<div dir=\"auto\">Nesta quinta-feira, 23, \u00e0s 19h, o momento de evangeliza\u00e7\u00e3o teve in\u00edcio com a reza do santo Ter\u00e7o. Depois teve muito louvor, m\u00fasica e a participa\u00e7\u00e3o especial do palestrante que foi um dos Membros do Grupo MEFA, o Jovem Cassio Jos\u00e9.<\/div>\n<div dir=\"auto\">&nbsp;<\/div>\n<div dir=\"auto\">O Portal Cat\u00f3lico Web R\u00e1dio fez a transmiss\u00e3o ao vivo e em tempo real deste momento lind\u00edssimo.<\/div>\n<div dir=\"auto\">Vale ressaltar que o grupo se re\u00fane todas as quintas-feiras, \u00e0s 19h, na capela de S\u00e3o Francisco de Assis.&nbsp; As santas missas aos domingos, \u00e0s 8h.&nbsp;<\/div>\n<div dir=\"auto\"><img loading=\"lazy\" decoding=\"async\" class=\"wp-image-57797 aligncenter\" src=\"http:\/\/portalcatolico.net\/portal\/wp-content\/uploads\/2018\/08\/39944355_949832255219397_4676599754707173376_n-300x225.jpg\" alt=\"\" width=\"739\" height=\"554\" srcset=\"http:\/\/portalcatolico.net\/portal\/wp-content\/uploads\/2018\/08\/39944355_949832255219397_4676599754707173376_n-300x225.jpg 300w, http:\/\/portalcatolico.net\/portal\/wp-content\/uploads\/2018\/08\/39944355_949832255219397_4676599754707173376_n-768x576.jpg 768w, http:\/\/portalcatolico.net\/portal\/wp-content\/uploads\/2018\/08\/39944355_949832255219397_4676599754707173376_n.jpg 960w\" sizes=\"auto, (max-width: 739px) 100vw, 739px\" \/><\/div>\n<div dir=\"auto\">O coordenador e fundador da Comunidade Cat\u00f3lica MEFA (Miss\u00e3o Eucar\u00edstica Fogo no Altar), Rafael Santana, na oportunidade, explicou como funciona o trabalho da comunidade: &#8220;O Mefa \u00e9 uma comunidade de vida e alian\u00e7a que quer dizer Comunidade Miss\u00e3o Eucar\u00edstica Fogo no Altar, que quer dizer amor ferido, esquecido e maltratado. \u00c9 uma comunidade que tem uma espiritualidade carism\u00e1tica, eucar\u00edstica e mariana, onde n\u00f3s propagamos a consagra\u00e7\u00e3o \u00e0 Nossa Senhora pelo m\u00e9todo do tratado, temos um amor profundo pela Eucaristia e tamb\u00e9m um profundo trabalho voltado para os moradores de rua, que \u00e9 a Pastoral de rua, por meio do Grupo de Ora\u00e7\u00e3o&#8221;.<\/div>\n<div dir=\"auto\">Por: Anara Passos (DRT 7574)<\/div>\n<div dir=\"auto\">Fonte:Portalcatolico.Net<\/div>\n","protected":false},"excerpt":{"rendered":"<p>Integrantes do Grupo de Ora\u00e7\u00e3o M\u00e3e do Sant\u00edssimo Sacramento est\u00e1 realizando uma vez por m\u00eas momentos de Ora\u00e7\u00e3o na rua com o apoio dos moradores do bairro Banco Raso em Itabuna (BA).&nbsp; Nesta quinta-feira, 23, \u00e0s 19h, o momento de evangeliza\u00e7\u00e3o teve in\u00edcio com a reza do santo Ter\u00e7o. Depois teve muito louvor, m\u00fasica e&nbsp;<\/p>\n<p><a class=\"btn btn-style\" href=\"http:\/\/portalcatolico.net\/portal\/grupo-mefa-realiza-momentos-de-oracao-em-itabuna\/\">Continue Reading<\/a><\/p>\n","protected":false},"author":2,"featured_media":57796,"comment_status":"open","ping_status":"open","sticky":false,"template":"","format":"standard","meta":{"footnotes":""},"categories":[65],"tags":[],"class_list":["post-57795","post","type-post","status-publish","format-standard","has-post-thumbnail","hentry","category-entrevistas"],"_links":{"self":[{"href":"http:\/\/portalcatolico.net\/portal\/wp-json\/wp\/v2\/posts\/57795","targetHints":{"allow":["GET"]}}],"collection":[{"href":"http:\/\/portalcatolico.net\/portal\/wp-json\/wp\/v2\/posts"}],"about":[{"href":"http:\/\/portalcatolico.net\/portal\/wp-json\/wp\/v2\/types\/post"}],"author":[{"embeddable":true,"href":"http:\/\/portalcatolico.net\/portal\/wp-json\/wp\/v2\/users\/2"}],"replies":[{"embeddable":true,"href":"http:\/\/portalcatolico.net\/portal\/wp-json\/wp\/v2\/comments?post=57795"}],"version-history":[{"count":2,"href":"http:\/\/portalcatolico.net\/portal\/wp-json\/wp\/v2\/posts\/57795\/revisions"}],"predecessor-version":[{"id":57799,"href":"http:\/\/portalcatolico.net\/portal\/wp-json\/wp\/v2\/posts\/57795\/revisions\/57799"}],"wp:featuredmedia":[{"embeddable":true,"href":"http:\/\/portalcatolico.net\/portal\/wp-json\/wp\/v2\/media\/57796"}],"wp:attachment":[{"href":"http:\/\/portalcatolico.net\/portal\/wp-json\/wp\/v2\/media?parent=57795"}],"wp:term":[{"taxonomy":"category","embeddable":true,"href":"http:\/\/portalcatolico.net\/portal\/wp-json\/wp\/v2\/categories?post=57795"},{"taxonomy":"post_tag","embeddable":true,"href":"http:\/\/portalcatolico.net\/portal\/wp-json\/wp\/v2\/tags?post=57795"}],"curies":[{"name":"wp","href":"https:\/\/api.w.org\/{rel}","templated":true}]}}