{"id":57792,"date":"2018-08-24T17:29:41","date_gmt":"2018-08-24T20:29:41","guid":{"rendered":"http:\/\/portalcatolico.net\/portal\/?p=57792"},"modified":"2018-08-24T17:31:03","modified_gmt":"2018-08-24T20:31:03","slug":"igreja-e-ano-eleitoral","status":"publish","type":"post","link":"http:\/\/portalcatolico.net\/portal\/igreja-e-ano-eleitoral\/","title":{"rendered":"Igreja e ano eleitoral"},"content":{"rendered":"<p>S\u00e3o graves os preju\u00edzos quando se elegem candidatos sem as qualidades necess\u00e1rias para decidir sobre os rumos de uma na\u00e7\u00e3o. Nessa dire\u00e7\u00e3o, a Igreja quer contribuir com reflex\u00f5es e debates de modo a favorecer a qualifica\u00e7\u00e3o das escolhas. Trata-se de um processo complexo por articular muitos dados, elementos, interesses, e o emocional, que tamb\u00e9m fecunda as op\u00e7\u00f5es pol\u00edticas e o alinhamento em torno de nomes.<\/p>\n<p>No quadro da Babel ideol\u00f3gico-partid\u00e1ria &#8211; com a prolifera\u00e7\u00e3o de partidos, que acaba por prejudicar o processo pol\u00edtico e confundir o cidad\u00e3o &#8211; a Igreja Cat\u00f3lica compreende que sua contribui\u00e7\u00e3o \u00e9tico-moral \u00e9 indispens\u00e1vel. \u00c9 miss\u00e3o da Igreja atuar na forma\u00e7\u00e3o da cidadania, nos exerc\u00edcios das diversas an\u00e1lises e na busca dos entendimentos, para que as escolhas sejam feitas com qualidade. Assim, a Igreja Cat\u00f3lica oferece rica e qualificada contribui\u00e7\u00e3o para que a liberdade de escolha de cada cidad\u00e3o seja norteada por par\u00e2metros \u00e9ticos.<\/p>\n<p>\u00c9 preciso contribuir com a evolu\u00e7\u00e3o da sociedade no aprofundamento da maturidade pol\u00edtica, pois o ideol\u00f3gico-partid\u00e1rio, nas elei\u00e7\u00f5es, n\u00e3o pode se equiparar \u00e0 paix\u00e3o esportiva, como costuma ocorrer. Ora, as consequ\u00eancias para um time, que ganha hoje e perde amanh\u00e3, n\u00e3o t\u00eam a mesma for\u00e7a determinante da elei\u00e7\u00e3o de pessoas para ocupar posi\u00e7\u00f5es estrat\u00e9gicas, durante quatro anos de mandato \u2013 e a possibilidade da reelei\u00e7\u00e3o &#8211; com prerrogativas e tomada de decis\u00f5es que definem o futuro da na\u00e7\u00e3o.<\/p>\n<p>Por isso, a Igreja vem insistindo na urg\u00eancia da reforma pol\u00edtica que, para ser realizada, requer um parlamento de maior envergadura pol\u00edtico-antropol\u00f3gica. Enquanto isso n\u00e3o acontece, paga-se um alto pre\u00e7o pelas consequ\u00eancias desse adiamento e dos remendos na legisla\u00e7\u00e3o. As in\u00fameras leis aprovadas, isoladamente, n\u00e3o conseguem tocar as ra\u00edzes dos problemas e impedem o florescer de uma nova cultura pol\u00edtica no tecido da sociedade brasileira.<\/p>\n<p>Pelos sacrif\u00edcios que lhe s\u00e3o impostos e pela falta de respostas adequadas, a sociedade brasileira tem experi\u00eancia hist\u00f3rica para avaliar o quanto a escolha equivocada de determinados nomes pesa, atrasa e impede o progresso. Apenas o ideol\u00f3gico-partid\u00e1rio n\u00e3o \u00e9 suficiente no processo cidad\u00e3o de escolha.<\/p>\n<p>Um grande investimento deve configurar o momento primeiro, que envolve os valores \u00e9ticos, com for\u00e7a de transforma\u00e7\u00e3o, fundamentais na fase da pol\u00edtica partid\u00e1ria que vir\u00e1 em seguida. Sem a \u00e9tica, resvala-se em v\u00e1rias dire\u00e7\u00f5es. Cria-se uma sequ\u00eancia de descompassos e de escolhas que interferem seriamente nos processos. O bem comum \u00e9 comprometido por atitudes manipuladoras sobre o er\u00e1rio e que demonstram falta de compet\u00eancia com rela\u00e7\u00e3o aos projetos e programas.<\/p>\n<p>Nesse contexto, \u00e9 not\u00f3ria a falta de preparo e de vontade pol\u00edtica na busca de respostas para as demandas por transforma\u00e7\u00f5es. A situa\u00e7\u00e3o \u00e9 ainda mais grave quando se trata da urgente constru\u00e7\u00e3o de uma nova ordem social, que deve ser a de superar a vergonhosa mis\u00e9ria e a exclus\u00e3o que oprime e humilha os mais pobres. A Igreja n\u00e3o pode deixar de assumir esta responsabilidade, certamente em parceria com outros segmentos da sociedade comprometidos com a constru\u00e7\u00e3o de uma pol\u00edtica limpa, que seja instrumento para articular din\u00e2micas de justi\u00e7a e solidariedade.<\/p>\n<p>Entrar no mundo da pol\u00edtica, como Igreja, para organizar bancadas em vista da defesa de interesses cartoriais pr\u00f3prios n\u00e3o tem sentido. Acontece, mas se trata de um desvirtuamento, e a pol\u00edtica \u00e9 acima de tudo uma pr\u00e1tica que deve visar ao bem comum. Assim, a exig\u00eancia primordial \u00e9 escolher uma representa\u00e7\u00e3o que possua as prerrogativas morais necess\u00e1rias, pois apenas a conquista de um mandato n\u00e3o \u00e9 garantia requerida de autoridade pol\u00edtica. &nbsp;\u00c9 necess\u00e1rio avaliar o pol\u00edtico pelo exerc\u00edcio honesto e competente do poder a ele conferido, especialmente pela aten\u00e7\u00e3o dedicada \u00e0s necessidades do povo.<\/p>\n<p>Lamentavelmente, h\u00e1 um epid\u00eamico comprometimento da autoridade pol\u00edtica, quando a pr\u00e1tica mais comum \u00e9 atender determinados grupos e segmentos da sociedade. Um grave exemplo s\u00e3o os preju\u00edzos causados pela depreda\u00e7\u00e3o do meio ambiente que ocorre, particularmente em Minas Gerais, a partir de medidas ofensivas ao bom senso, \u00e0 moral, a patrim\u00f4nios intoc\u00e1veis. E a luta pela moraliza\u00e7\u00e3o desse setor, e de outros mais, tamb\u00e9m \u00e9 tarefa de igrejas e segmentos educativos.<\/p>\n<p>\u00c0 luz do Evangelho, sejam compartilhadas ideias e reflex\u00f5es que venham a contribuir para escolhas conscientes. Assim, os segmentos da Igreja podem e devem promover di\u00e1logos esclarecedores, em espa\u00e7os apropriados, a exemplo dos centros pastorais. Obviamente, jamais, se deve admitir comit\u00eas de propaganda eleitoral nos espa\u00e7os da Igreja, que \u00e9 de todos. Vale lembrar, que n\u00e3o se pode usar, forma alguma, a liturgia da Igreja e os seus espa\u00e7os pr\u00f3prios para a propaganda pol\u00edtica.<\/p>\n<p>O momento atual \u00e9 o de convocar todos a participarem deste processo pol\u00edtico, honrando sua cidadania e contribuindo com escolhas s\u00e9rias, capazes de ajudar a sociedade a reencontrar os rumos para a constru\u00e7\u00e3o do bem comum. Seja este o momento de edificar um tempo novo, capaz de reacender a chama da esperan\u00e7a, ancorada em valores que permitam ao povo retomar o seu caminho.<\/p>\n<p>Foto:Divulga\u00e7\u00e3o<\/p>\n<p>Dom Walmor Oliveira de Azevedo<\/p>\n<p>Arcebispo metropolitano de Belo Horizonte(MG)<\/p>\n","protected":false},"excerpt":{"rendered":"<p>S\u00e3o graves os preju\u00edzos quando se elegem candidatos sem as qualidades necess\u00e1rias para decidir sobre os rumos de uma na\u00e7\u00e3o. Nessa dire\u00e7\u00e3o, a Igreja quer contribuir com reflex\u00f5es e debates de modo a favorecer a qualifica\u00e7\u00e3o das escolhas. Trata-se de um processo complexo por articular muitos dados, elementos, interesses, e o emocional, que tamb\u00e9m fecunda&nbsp;<\/p>\n<p><a class=\"btn btn-style\" href=\"http:\/\/portalcatolico.net\/portal\/igreja-e-ano-eleitoral\/\">Continue Reading<\/a><\/p>\n","protected":false},"author":2,"featured_media":57055,"comment_status":"open","ping_status":"open","sticky":false,"template":"","format":"standard","meta":{"footnotes":""},"categories":[69],"tags":[],"class_list":["post-57792","post","type-post","status-publish","format-standard","has-post-thumbnail","hentry","category-artigos"],"_links":{"self":[{"href":"http:\/\/portalcatolico.net\/portal\/wp-json\/wp\/v2\/posts\/57792","targetHints":{"allow":["GET"]}}],"collection":[{"href":"http:\/\/portalcatolico.net\/portal\/wp-json\/wp\/v2\/posts"}],"about":[{"href":"http:\/\/portalcatolico.net\/portal\/wp-json\/wp\/v2\/types\/post"}],"author":[{"embeddable":true,"href":"http:\/\/portalcatolico.net\/portal\/wp-json\/wp\/v2\/users\/2"}],"replies":[{"embeddable":true,"href":"http:\/\/portalcatolico.net\/portal\/wp-json\/wp\/v2\/comments?post=57792"}],"version-history":[{"count":2,"href":"http:\/\/portalcatolico.net\/portal\/wp-json\/wp\/v2\/posts\/57792\/revisions"}],"predecessor-version":[{"id":57794,"href":"http:\/\/portalcatolico.net\/portal\/wp-json\/wp\/v2\/posts\/57792\/revisions\/57794"}],"wp:featuredmedia":[{"embeddable":true,"href":"http:\/\/portalcatolico.net\/portal\/wp-json\/wp\/v2\/media\/57055"}],"wp:attachment":[{"href":"http:\/\/portalcatolico.net\/portal\/wp-json\/wp\/v2\/media?parent=57792"}],"wp:term":[{"taxonomy":"category","embeddable":true,"href":"http:\/\/portalcatolico.net\/portal\/wp-json\/wp\/v2\/categories?post=57792"},{"taxonomy":"post_tag","embeddable":true,"href":"http:\/\/portalcatolico.net\/portal\/wp-json\/wp\/v2\/tags?post=57792"}],"curies":[{"name":"wp","href":"https:\/\/api.w.org\/{rel}","templated":true}]}}