{"id":57789,"date":"2018-08-24T06:21:06","date_gmt":"2018-08-24T09:21:06","guid":{"rendered":"http:\/\/portalcatolico.net\/portal\/?p=57789"},"modified":"2018-08-24T06:21:06","modified_gmt":"2018-08-24T09:21:06","slug":"papa-emerito-bento-xvi-escreve-carta-ao-paroco-de-sua-cidade-natal","status":"publish","type":"post","link":"http:\/\/portalcatolico.net\/portal\/papa-emerito-bento-xvi-escreve-carta-ao-paroco-de-sua-cidade-natal\/","title":{"rendered":"Papa em\u00e9rito Bento XVI escreve carta ao p\u00e1roco de sua cidade natal"},"content":{"rendered":"<p>O Papa Em\u00e9rito Bento XVI escreveu uma carta saudando ao Padre Joseph Kaiser, p\u00e1roco de sua cidade natal, Marktl am Inn (Alemanha). Ap\u00f3s 43 anos de servi\u00e7o pastoral, o p\u00e1roco de St. Oswald, a igreja onde Bento XVI foi batizado, ir\u00e1 se aposentar.Na carta, enviada ao presidente do conselho paroquial de St. Oswald, Alfred Kleiner, o Pont\u00edfice Em\u00e9rito expressa seus melhores desejos ao sacerdote. &#8220;Foi muito bonito ver como sempre foi aberto e dispon\u00edvel \u00e0s pessoas, aos fi\u00e9is e como fez de tudo para guiar cada um ao centro, que \u00e9 Jesus Cristo. Deus \u00e9 quem nos acompanha sempre, todos os dias, at\u00e9 quando formos chamados a cruzar a porta para a vida eterna&#8221;, escreveu.<\/p>\n<p>Bento XVI conclui sua mensagem dizendo que &#8220;algumas vezes, pude ver como guiava a par\u00f3quia por um lado e, por outro, recebia e aceitava perguntas e o sofrimento quando batia na tua porta. O Senhor te recompensar\u00e1!&#8221;.<\/p>\n<p>Joseph Aloisius Ratzinger, nasceu no dia 16 de abril de 1927, e no mesmo dia foi batizado na igreja de St. Oswald. H\u00e1 alguns anos, durante homilia da Missa que presidiu por ocasi\u00e3o do seu 80\u00ba anivers\u00e1rio, o Papa Em\u00e9rito recordou: &#8220;Sempre considerei um grande dom da Miseric\u00f3rdia Divina que o nascimento e o renascimento me tenham sido concedidos, por assim dizer, juntos, no mesmo dia, no sinal do in\u00edcio da P\u00e1scoa. Assim, no mesmo dia, nasci membro da minha pr\u00f3pria fam\u00edlia e da grande fam\u00edlia de Deus&#8221;.<\/p>\n<p>&#8220;Agrade\u00e7o a Deus pelos companheiros que encontrei no meu caminho, pelos conselheiros e amigos que Ele me deu. Agrade\u00e7o de modo particular porque, desde o primeiro dia, pude entrar e crescer na grande comunidade dos crentes, na qual se abre de par em par o confim entre vida e morte, entre c\u00e9u e terra&#8221;, prosseguiu Bento XVI.<\/p>\n<p>O Pont\u00edfice Em\u00e9rito agradeceu tamb\u00e9m a Deus &#8220;por ter podido aprender tantas coisas beneficiando da sabedoria desta comunidade, na qual est\u00e3o contidas n\u00e3o s\u00f3 as experi\u00eancias humanas desde os tempos mais remotos: a sabedoria desta comunidade n\u00e3o \u00e9 apenas sabedoria humana, mas nela alcan\u00e7a-se a pr\u00f3pria sabedoria de Deus a Sabedoria eterna&#8221;.(Gaudium Press)<\/p>\n","protected":false},"excerpt":{"rendered":"<p>O Papa Em\u00e9rito Bento XVI escreveu uma carta saudando ao Padre Joseph Kaiser, p\u00e1roco de sua cidade natal, Marktl am Inn (Alemanha). Ap\u00f3s 43 anos de servi\u00e7o pastoral, o p\u00e1roco de St. Oswald, a igreja onde Bento XVI foi batizado, ir\u00e1 se aposentar.Na carta, enviada ao presidente do conselho paroquial de St. Oswald, Alfred Kleiner,&nbsp;<\/p>\n<p><a class=\"btn btn-style\" href=\"http:\/\/portalcatolico.net\/portal\/papa-emerito-bento-xvi-escreve-carta-ao-paroco-de-sua-cidade-natal\/\">Continue Reading<\/a><\/p>\n","protected":false},"author":2,"featured_media":57790,"comment_status":"open","ping_status":"open","sticky":false,"template":"","format":"standard","meta":{"footnotes":""},"categories":[5],"tags":[],"class_list":["post-57789","post","type-post","status-publish","format-standard","has-post-thumbnail","hentry","category-igreja_no_mundo"],"_links":{"self":[{"href":"http:\/\/portalcatolico.net\/portal\/wp-json\/wp\/v2\/posts\/57789","targetHints":{"allow":["GET"]}}],"collection":[{"href":"http:\/\/portalcatolico.net\/portal\/wp-json\/wp\/v2\/posts"}],"about":[{"href":"http:\/\/portalcatolico.net\/portal\/wp-json\/wp\/v2\/types\/post"}],"author":[{"embeddable":true,"href":"http:\/\/portalcatolico.net\/portal\/wp-json\/wp\/v2\/users\/2"}],"replies":[{"embeddable":true,"href":"http:\/\/portalcatolico.net\/portal\/wp-json\/wp\/v2\/comments?post=57789"}],"version-history":[{"count":1,"href":"http:\/\/portalcatolico.net\/portal\/wp-json\/wp\/v2\/posts\/57789\/revisions"}],"predecessor-version":[{"id":57791,"href":"http:\/\/portalcatolico.net\/portal\/wp-json\/wp\/v2\/posts\/57789\/revisions\/57791"}],"wp:featuredmedia":[{"embeddable":true,"href":"http:\/\/portalcatolico.net\/portal\/wp-json\/wp\/v2\/media\/57790"}],"wp:attachment":[{"href":"http:\/\/portalcatolico.net\/portal\/wp-json\/wp\/v2\/media?parent=57789"}],"wp:term":[{"taxonomy":"category","embeddable":true,"href":"http:\/\/portalcatolico.net\/portal\/wp-json\/wp\/v2\/categories?post=57789"},{"taxonomy":"post_tag","embeddable":true,"href":"http:\/\/portalcatolico.net\/portal\/wp-json\/wp\/v2\/tags?post=57789"}],"curies":[{"name":"wp","href":"https:\/\/api.w.org\/{rel}","templated":true}]}}